{"id":6204,"date":"2026-09-02T09:57:49","date_gmt":"2026-09-02T12:57:49","guid":{"rendered":"https:\/\/blog.ferascor.com.br\/?p=6204"},"modified":"2026-09-02T09:59:27","modified_gmt":"2026-09-02T12:59:27","slug":"setembro-amarelo-informacao-acolhimento-e-valorizacao-da-vida","status":"publish","type":"post","link":"https:\/\/blog.ferascor.com.br\/?p=6204","title":{"rendered":"Setembro Amarelo: informa\u00e7\u00e3o, acolhimento e valoriza\u00e7\u00e3o da vida"},"content":{"rendered":"\n<div style=\"height:15px\" aria-hidden=\"true\" class=\"wp-block-spacer\"><\/div>\n\n\n\n<p class=\"wp-block-paragraph\">Durante o m\u00eas de setembro, a campanha <strong>Setembro Amarelo<\/strong> refor\u00e7a a import\u00e2ncia da valoriza\u00e7\u00e3o da vida, do cuidado com a sa\u00fade mental e da preven\u00e7\u00e3o ao suic\u00eddio.<\/p>\n\n\n\n<p class=\"wp-block-paragraph\">Falar sobre esse assunto com responsabilidade ajuda a combater preconceitos, ampliar o acesso \u00e0 informa\u00e7\u00e3o e incentivar pessoas em sofrimento emocional a procurarem apoio.<\/p>\n\n\n\n<p class=\"wp-block-paragraph\"><strong>Por que essa campanha tamb\u00e9m \u00e9 importante para os corretores de planos de sa\u00fade?<\/strong><\/p>\n\n\n\n<p class=\"wp-block-paragraph\">O corretor de planos de sa\u00fade mant\u00e9m contato direto com pessoas, fam\u00edlias e empresas em diferentes momentos da vida. Embora n\u00e3o seja sua fun\u00e7\u00e3o identificar transtornos ou oferecer orienta\u00e7\u00f5es cl\u00ednicas, esse profissional tamb\u00e9m pode contribuir para uma comunica\u00e7\u00e3o mais humana, respeitosa e consciente.<\/p>\n\n\n\n<p class=\"wp-block-paragraph\">Participar da campanha n\u00e3o significa utilizar o tema como argumento de venda. Significa reconhecer sua import\u00e2ncia e ajudar a divulgar informa\u00e7\u00f5es confi\u00e1veis sobre cuidado, acolhimento e busca por apoio profissional.<\/p>\n\n\n\n<p class=\"wp-block-paragraph\"><strong>A import\u00e2ncia de ouvir sem julgar<\/strong><\/p>\n\n\n\n<p class=\"wp-block-paragraph\">Nem sempre uma pessoa em sofrimento consegue explicar claramente o que est\u00e1 sentindo. Em alguns casos, ela pode demonstrar des\u00e2nimo, isolamento, falta de esperan\u00e7a ou mudan\u00e7as importantes de comportamento.<\/p>\n\n\n\n<p class=\"wp-block-paragraph\"><strong>Ao perceber que algu\u00e9m precisa de apoio:<\/strong><\/p>\n\n\n\n<ul class=\"wp-block-list\">\n<li>Escolha um momento tranquilo para conversar;<\/li>\n\n\n\n<li>Demonstre disponibilidade para ouvir;<\/li>\n\n\n\n<li>Evite julgamentos, compara\u00e7\u00f5es ou frases que diminuam o sofrimento;<\/li>\n\n\n\n<li>N\u00e3o tente oferecer diagn\u00f3sticos ou solu\u00e7\u00f5es imediatas;<\/li>\n\n\n\n<li>Incentive a procura por profissionais e servi\u00e7os de sa\u00fade;<\/li>\n\n\n\n<li>Diante de uma situa\u00e7\u00e3o de risco, procure ajuda especializada.<\/li>\n<\/ul>\n\n\n\n<p class=\"wp-block-paragraph\">O <a href=\"https:\/\/www.gov.br\/saude\/pt-br\/assuntos\/saude-de-a-a-z\/s\/suicidio-prevencao\">Minist\u00e9rio da Sa\u00fade<\/a> orienta que a pessoa seja acolhida com respeito e incentivada a buscar atendimento em servi\u00e7os de sa\u00fade, sa\u00fade mental ou emerg\u00eancia.<\/p>\n\n\n\n<p class=\"wp-block-paragraph\"><strong>Como os corretores podem apoiar o Setembro Amarelo?<\/strong><\/p>\n\n\n\n<p class=\"wp-block-paragraph\">Algumas atitudes simples podem ajudar a ampliar o alcance da campanha:<\/p>\n\n\n\n<ul class=\"wp-block-list\">\n<li>Compartilhar conte\u00fados de fontes confi\u00e1veis;<\/li>\n\n\n\n<li>Divulgar os canais oficiais de apoio emocional;<\/li>\n\n\n\n<li>Evitar mensagens sensacionalistas ou imagens que possam causar desconforto;<\/li>\n\n\n\n<li>N\u00e3o associar o sofrimento emocional diretamente \u00e0 venda de produtos;<\/li>\n\n\n\n<li>Promover uma comunica\u00e7\u00e3o acolhedora com clientes, colegas e parceiros;<\/li>\n\n\n\n<li>Incentivar o cuidado com a sa\u00fade mental durante todo o ano.<\/li>\n<\/ul>\n\n\n\n<p class=\"wp-block-paragraph\"><strong>Cuidar tamb\u00e9m \u00e9 orientar<\/strong><\/p>\n\n\n\n<p class=\"wp-block-paragraph\">O Setembro Amarelo nos lembra de que uma conversa acolhedora pode fazer diferen\u00e7a. Ouvir com aten\u00e7\u00e3o, respeitar o momento do outro e indicar ajuda especializada s\u00e3o formas importantes de cuidado.<\/p>\n\n\n\n<p class=\"wp-block-paragraph\">Se voc\u00ea estiver passando por um momento dif\u00edcil ou precisar conversar, entre em contato com o <strong>Centro de Valoriza\u00e7\u00e3o da Vida  CVV pelo telefone 188<\/strong>. O atendimento \u00e9 gratuito, sigiloso e funciona 24 horas por dia. Tamb\u00e9m \u00e9 poss\u00edvel acessar o site do CVV para conhecer os demais canais dispon\u00edveis.<\/p>\n\n\n\n<p class=\"wp-block-paragraph\"><strong>Valorizar a vida \u00e9 uma responsabilidade de todos. Informa\u00e7\u00e3o, respeito e acolhimento podem ajudar a construir caminhos de cuidado e esperan\u00e7a.<\/strong><\/p>\n","protected":false},"excerpt":{"rendered":"<p>Durante o m\u00eas de setembro, a campanha Setembro Amarelo refor\u00e7a a import\u00e2ncia da valoriza\u00e7\u00e3o da vida, do cuidado com a&hellip;<\/p>\n","protected":false},"author":1,"featured_media":6205,"comment_status":"closed","ping_status":"open","sticky":false,"template":"","format":"standard","meta":{"_monsterinsights_skip_tracking":false,"footnotes":""},"categories":[79],"tags":[],"class_list":["post-6204","post","type-post","status-publish","format-standard","has-post-thumbnail","hentry","category-principal"],"featured_image_link":"https:\/\/blog.ferascor.com.br\/wp-content\/uploads\/2026\/09\/Setembro_amarelo_0209.png","_links":{"self":[{"href":"https:\/\/blog.ferascor.com.br\/index.php?rest_route=\/wp\/v2\/posts\/6204","targetHints":{"allow":["GET"]}}],"collection":[{"href":"https:\/\/blog.ferascor.com.br\/index.php?rest_route=\/wp\/v2\/posts"}],"about":[{"href":"https:\/\/blog.ferascor.com.br\/index.php?rest_route=\/wp\/v2\/types\/post"}],"author":[{"embeddable":true,"href":"https:\/\/blog.ferascor.com.br\/index.php?rest_route=\/wp\/v2\/users\/1"}],"replies":[{"embeddable":true,"href":"https:\/\/blog.ferascor.com.br\/index.php?rest_route=%2Fwp%2Fv2%2Fcomments&post=6204"}],"version-history":[{"count":3,"href":"https:\/\/blog.ferascor.com.br\/index.php?rest_route=\/wp\/v2\/posts\/6204\/revisions"}],"predecessor-version":[{"id":6208,"href":"https:\/\/blog.ferascor.com.br\/index.php?rest_route=\/wp\/v2\/posts\/6204\/revisions\/6208"}],"wp:featuredmedia":[{"embeddable":true,"href":"https:\/\/blog.ferascor.com.br\/index.php?rest_route=\/wp\/v2\/media\/6205"}],"wp:attachment":[{"href":"https:\/\/blog.ferascor.com.br\/index.php?rest_route=%2Fwp%2Fv2%2Fmedia&parent=6204"}],"wp:term":[{"taxonomy":"category","embeddable":true,"href":"https:\/\/blog.ferascor.com.br\/index.php?rest_route=%2Fwp%2Fv2%2Fcategories&post=6204"},{"taxonomy":"post_tag","embeddable":true,"href":"https:\/\/blog.ferascor.com.br\/index.php?rest_route=%2Fwp%2Fv2%2Ftags&post=6204"}],"curies":[{"name":"wp","href":"https:\/\/api.w.org\/{rel}","templated":true}]}}