{"id":5930,"date":"2026-04-28T17:24:32","date_gmt":"2026-04-28T20:24:32","guid":{"rendered":"https:\/\/blog.ferascor.com.br\/?p=5930"},"modified":"2026-04-29T09:41:48","modified_gmt":"2026-04-29T12:41:48","slug":"allcare-anuncia-parceria-com-humana-saude-piaui","status":"publish","type":"post","link":"https:\/\/blog.ferascor.com.br\/?p=5930","title":{"rendered":"Allcare anuncia parceria com Humana Sa\u00fade Piau\u00ed"},"content":{"rendered":"\n<div style=\"height:15px\" aria-hidden=\"true\" class=\"wp-block-spacer\"><\/div>\n\n\n\n<p>A\u00a0<strong><a href=\"https:\/\/blog.ferascor.com.br\/?tag=allcare\" target=\"_blank\" rel=\"noreferrer noopener\">Allcare Gestora de Sa\u00fade<\/a><\/strong>\u00a0e a\u00a0<strong><a href=\"https:\/\/blog.ferascor.com.br\/?tag=humana-saude-piaui\" target=\"_blank\" rel=\"noreferrer noopener\">Humana Sa\u00fade Piau\u00ed<\/a><\/strong>\u00a0firmaram parceria para a oferta de planos coletivos por ades\u00e3o no estado. A iniciativa amplia o acesso da popula\u00e7\u00e3o a uma operadora consolidada na regi\u00e3o, com 30 anos de atua\u00e7\u00e3o e integrada ao Grupo Athena Sa\u00fade, que re\u00fane 1,5 milh\u00e3o de benefici\u00e1rios em todo o Brasil.<\/p>\n\n\n\n<p>Com sede em Teresina, a <strong><a href=\"https:\/\/blog.ferascor.com.br\/?tag=humana-saude\" target=\"_blank\" rel=\"noreferrer noopener\">Humana Sa\u00fade<\/a><\/strong> construiu uma opera\u00e7\u00e3o baseada na verticaliza\u00e7\u00e3o dos servi\u00e7os, reunindo hospitais, centros diagn\u00f3sticos e unidades pr\u00f3prias sob a mesma gest\u00e3o. Esse modelo permite maior controle da jornada do paciente, efici\u00eancia operacional e oferta de planos com custo mais competitivo em rela\u00e7\u00e3o \u00e0 m\u00e9dia do mercado.<\/p>\n\n\n\n<p>A operadora se destaca especialmente pela for\u00e7a de sua rede pr\u00f3pria, com ativos relevantes como o Hospital Prontomed, o Hospital Santa Maria e as unidades da Med Imagem, refer\u00eancia em diagn\u00f3stico na regi\u00e3o. A atua\u00e7\u00e3o se estende a munic\u00edpios estrat\u00e9gicos do Piau\u00ed e tamb\u00e9m a estados como Maranh\u00e3o e Rio Grande do Norte, garantindo capilaridade e suporte assistencial em diferentes localidades.<\/p>\n\n\n\n<p>Os planos coletivos por ades\u00e3o, viabilizados pela Allcare, s\u00e3o direcionados a profissionais liberais, servidores p\u00fablicos, estudantes e integrantes de entidades de classe. O modelo permite acesso a condi\u00e7\u00f5es mais competitivas, com benef\u00edcios adicionais e uma jornada mais estruturada de contrata\u00e7\u00e3o e relacionamento.<\/p>\n\n\n\n<p><em>\u201cA parceria com a Allcare fortalece nossa estrat\u00e9gia de expans\u00e3o e amplia o acesso da popula\u00e7\u00e3o \u00e0 nossa rede. Nosso objetivo \u00e9 levar um modelo de cuidado que combina tecnologia, efici\u00eancia e atendimento humanizado a um n\u00famero cada vez maior de pessoas\u201d<\/em>, afirma o <strong>Anselmo Martins<\/strong>, Diretor Comercial, Marketing e P\u00f3s-venda Nordeste da Humana Sa\u00fade Piau\u00ed.<\/p>\n\n\n\n<p>Para <strong>Erika Queiroz<\/strong>, superintendente Comercial da Allcare, <em>\u201ca chegada da Humana Sa\u00fade ao nosso portf\u00f3lio refor\u00e7a nossa atua\u00e7\u00e3o no Nordeste com uma operadora s\u00f3lida, que alia tradi\u00e7\u00e3o, estrutura pr\u00f3pria robusta e gest\u00e3o orientada por dados. \u00c9 uma parceria que amplia o acesso \u00e0 sa\u00fade de qualidade com consist\u00eancia e efici\u00eancia\u201d<\/em>, destaca.<\/p>\n\n\n\n<p>Todos os clientes dos planos coletivos por ades\u00e3o provenientes da parceria contar\u00e3o, sem custo adicional, com servi\u00e7os exclusivos oferecidos pela Allcare, como a Telemedicina Allcare, com atendimento m\u00e9dico online 24 horas por dia, sete dias por semana, sem limite de utiliza\u00e7\u00e3o, podendo incluir dependentes, al\u00e9m do Clube de Vantagens, com descontos em farm\u00e1cias, viagens e lojas online.<\/p>\n\n\n\n<p class=\"has-small-font-size\">Fonte: \u00a0LT Guimaraes Comunica\u00e7\u00e3o Integrada (via <a href=\"https:\/\/www.revistacobertura.com.br\/noticias\/saude-e-odonto-noticias\/allcare-anuncia-parceria-com-humana-saude-piaui\/\" target=\"_blank\" rel=\"noreferrer noopener\">Revista Cobertura<\/a>)<\/p>\n\n\n\n<div style=\"height:25px\" aria-hidden=\"true\" class=\"wp-block-spacer\"><\/div>\n","protected":false},"excerpt":{"rendered":"<p>A\u00a0Allcare Gestora de Sa\u00fade\u00a0e a\u00a0Humana Sa\u00fade Piau\u00ed\u00a0firmaram parceria para a oferta de planos coletivos por ades\u00e3o no estado. A iniciativa&hellip;<\/p>\n","protected":false},"author":1,"featured_media":5931,"comment_status":"closed","ping_status":"open","sticky":false,"template":"","format":"standard","meta":{"_monsterinsights_skip_tracking":false,"_monsterinsights_sitenote_active":false,"_monsterinsights_sitenote_note":"","_monsterinsights_sitenote_category":0,"footnotes":""},"categories":[14],"tags":[81,125,373],"class_list":["post-5930","post","type-post","status-publish","format-standard","has-post-thumbnail","hentry","category-destaques","tag-allcare","tag-humana-saude","tag-humana-saude-piaui"],"featured_image_link":"https:\/\/blog.ferascor.com.br\/wp-content\/uploads\/2026\/04\/allcare-01_ferascor.jpg","_links":{"self":[{"href":"https:\/\/blog.ferascor.com.br\/index.php?rest_route=\/wp\/v2\/posts\/5930","targetHints":{"allow":["GET"]}}],"collection":[{"href":"https:\/\/blog.ferascor.com.br\/index.php?rest_route=\/wp\/v2\/posts"}],"about":[{"href":"https:\/\/blog.ferascor.com.br\/index.php?rest_route=\/wp\/v2\/types\/post"}],"author":[{"embeddable":true,"href":"https:\/\/blog.ferascor.com.br\/index.php?rest_route=\/wp\/v2\/users\/1"}],"replies":[{"embeddable":true,"href":"https:\/\/blog.ferascor.com.br\/index.php?rest_route=%2Fwp%2Fv2%2Fcomments&post=5930"}],"version-history":[{"count":1,"href":"https:\/\/blog.ferascor.com.br\/index.php?rest_route=\/wp\/v2\/posts\/5930\/revisions"}],"predecessor-version":[{"id":5932,"href":"https:\/\/blog.ferascor.com.br\/index.php?rest_route=\/wp\/v2\/posts\/5930\/revisions\/5932"}],"wp:featuredmedia":[{"embeddable":true,"href":"https:\/\/blog.ferascor.com.br\/index.php?rest_route=\/wp\/v2\/media\/5931"}],"wp:attachment":[{"href":"https:\/\/blog.ferascor.com.br\/index.php?rest_route=%2Fwp%2Fv2%2Fmedia&parent=5930"}],"wp:term":[{"taxonomy":"category","embeddable":true,"href":"https:\/\/blog.ferascor.com.br\/index.php?rest_route=%2Fwp%2Fv2%2Fcategories&post=5930"},{"taxonomy":"post_tag","embeddable":true,"href":"https:\/\/blog.ferascor.com.br\/index.php?rest_route=%2Fwp%2Fv2%2Ftags&post=5930"}],"curies":[{"name":"wp","href":"https:\/\/api.w.org\/{rel}","templated":true}]}}