{"id":5811,"date":"2026-01-22T15:58:11","date_gmt":"2026-01-22T18:58:11","guid":{"rendered":"https:\/\/blog.ferascor.com.br\/?p=5811"},"modified":"2026-03-02T17:09:57","modified_gmt":"2026-03-02T20:09:57","slug":"planos-de-saude-registram-em-uma-decada-aumento-expressivo-de-atendimentos-por-transtorno-bipolar","status":"publish","type":"post","link":"https:\/\/blog.ferascor.com.br\/?p=5811","title":{"rendered":"Planos de sa\u00fade registram, em uma d\u00e9cada, aumento expressivo de atendimentos por transtorno bipolar"},"content":{"rendered":"\n<div style=\"height:15px\" aria-hidden=\"true\" class=\"wp-block-spacer\"><\/div>\n\n\n\n<p>Os eventos assistenciais relacionados ao <strong>transtorno bipolar<\/strong> em atendimentos prestados pelos\u00a0planos de sa\u00fade\u00a0apresentaram crescimento expressivo e cont\u00ednuo entre 2015 e 2024, segundo o\u00a0<a href=\"https:\/\/www.iess.org.br\/sites\/default\/files\/2026-01\/TD%20115%20-%20Bipolaridade.pdf?utm_source=sendpulse&amp;utm_medium=email&amp;utm_campaign=planos-de-sade-registram-em-um\" target=\"_blank\" rel=\"noreferrer noopener\">estudo<\/a>\u00a0<em>\u201cEvolu\u00e7\u00e3o dos eventos assistenciais relacionados ao transtorno bipolar na sa\u00fade suplementar brasileira\u201d<\/em>. Elaborado pelo <strong><a href=\"https:\/\/blog.ferascor.com.br\/?tag=iess\" target=\"_blank\" rel=\"noreferrer noopener\">Instituto de Estudos de Sa\u00fade Suplementar (IESS)<\/a><\/strong>, o estudo \u00e9 uma iniciativa dentro do Janeiro Branco, movimento nacional de conscientiza\u00e7\u00e3o que convida a sociedade a refletir sobre a import\u00e2ncia da sa\u00fade mental, a preven\u00e7\u00e3o do adoecimento ps\u00edquico e a redu\u00e7\u00e3o do estigma associado aos transtornos mentais.<\/p>\n\n\n\n<p>O levantamento mostra que a amplia\u00e7\u00e3o da demanda ocorre em ambos os sexos e em todas as faixas et\u00e1rias, com acelera\u00e7\u00e3o mais intensa a partir dos anos recentes, refor\u00e7ando que a sa\u00fade mental ganha relev\u00e2ncia crescente dentro do sistema de sa\u00fade suplementar.<\/p>\n\n\n\n<p>A an\u00e1lise revela aumento significativo tanto na raz\u00e3o de casos por prestador de servi\u00e7os de sa\u00fade (volume de atendimentos por prestador) quanto nas taxas por 100 mil benefici\u00e1rios.<\/p>\n\n\n\n<p>Entre os homens, a taxa de eventos cresceu 258,3% no per\u00edodo analisado; entre as mulheres, o avan\u00e7o foi ainda maior, de 273,7%. Embora os valores absolutos sejam mais elevados no sexo feminino ao longo de toda a s\u00e9rie hist\u00f3rica, o ritmo de crescimento \u00e9 semelhante entre os sexos, indicando um fen\u00f4meno sist\u00eamico de amplia\u00e7\u00e3o da demanda por cuidado em sa\u00fade mental.<\/p>\n\n\n\n<p><em>\u201cN\u00e3o estamos diante de oscila\u00e7\u00f5es pontuais, mas de uma tend\u00eancia estrutural de crescimento da demanda por cuidado em sa\u00fade mental, com o transtorno bipolar assumindo relev\u00e2ncia crescente no perfil assistencial do setor\u201d<\/em>, avalia <strong>Jos\u00e9 Cechin<\/strong>, superintendente executivo do IESS.<\/p>\n\n\n\n<p>O estudo tamb\u00e9m chama aten\u00e7\u00e3o para o comportamento por faixa et\u00e1ria. A maior concentra\u00e7\u00e3o absoluta de eventos ocorre entre adultos de 20 a 59 anos, popula\u00e7\u00e3o em idade produtiva e diretamente associada a impactos econ\u00f4micos e assistenciais relevantes. Ao mesmo tempo, observa-se crescimento proporcional ainda mais acelerado entre benefici\u00e1rios com 60 anos ou mais, sinalizando um processo de envelhecimento da popula\u00e7\u00e3o com transtornos mentais cr\u00f4nicos. Entre crian\u00e7as e adolescentes, apesar de os n\u00edveis absolutos ainda serem baixos, o aumento relativo \u00e9 expressivo, sugerindo maior vigil\u00e2ncia cl\u00ednica e amplia\u00e7\u00e3o do acesso ao diagn\u00f3stico e ao cuidado especializado.<\/p>\n\n\n\n<p><em>\u201cEsse crescimento reflete, em grande medida, a combina\u00e7\u00e3o entre maior reconhecimento cl\u00ednico e amplia\u00e7\u00e3o do acesso aos servi\u00e7os em sa\u00fade mental, e n\u00e3o apenas um aumento abrupto da incid\u00eancia da doen\u00e7a\u201d<\/em>, explica Cechin.<\/p>\n\n\n\n<p>Ao evidenciar a expans\u00e3o cont\u00ednua desses atendimentos, o levantamento do IESS refor\u00e7a a necessidade de tratar a sa\u00fade mental como eixo estruturante das pol\u00edticas assistenciais, e n\u00e3o como tema perif\u00e9rico.<\/p>\n\n\n\n<p>Al\u00e9m dos impactos cl\u00ednicos, o estudo destaca repercuss\u00f5es relevantes para operadoras de planos de sa\u00fade e empresas contratantes, uma vez que o transtorno bipolar est\u00e1 associado a custos assistenciais diretos, afastamentos prolongados, absente\u00edsmo, presente\u00edsmo e perda de produtividade. Nesse contexto, estrat\u00e9gias de cuidado estruturado, longitudinal e integrado tornam-se fundamentais para a sustentabilidade do sistema.<\/p>\n\n\n\n<p>O IESS ressalta que o fortalecimento de modelos assistenciais baseados em dados, alinhados \u00e0s necessidades reais da popula\u00e7\u00e3o benefici\u00e1ria, \u00e9 decisivo para enfrentar o crescimento observado dos transtornos mentais e para avan\u00e7ar na constru\u00e7\u00e3o de um sistema de sa\u00fade suplementar mais eficiente, integrado e sens\u00edvel aos desafios contempor\u00e2neos da sa\u00fade mental.<\/p>\n\n\n\n<p class=\"has-small-font-size\">Fonte: <a href=\"https:\/\/medicinasa.com.br\/planos-transtorno-bipolar\/\" target=\"_blank\" rel=\"noreferrer noopener\">Medicina S\/A<\/a><\/p>\n\n\n\n<div style=\"height:25px\" aria-hidden=\"true\" class=\"wp-block-spacer\"><\/div>\n","protected":false},"excerpt":{"rendered":"<p>Os eventos assistenciais relacionados ao transtorno bipolar em atendimentos prestados pelos\u00a0planos de sa\u00fade\u00a0apresentaram crescimento expressivo e cont\u00ednuo entre 2015 e&hellip;<\/p>\n","protected":false},"author":1,"featured_media":5812,"comment_status":"closed","ping_status":"open","sticky":false,"template":"","format":"standard","meta":{"_monsterinsights_skip_tracking":false,"_monsterinsights_sitenote_active":false,"_monsterinsights_sitenote_note":"","_monsterinsights_sitenote_category":0,"footnotes":""},"categories":[22],"tags":[137,35],"class_list":["post-5811","post","type-post","status-publish","format-standard","has-post-thumbnail","hentry","category-noticias","tag-iess","tag-planos-de-saude"],"featured_image_link":"https:\/\/blog.ferascor.com.br\/wp-content\/uploads\/2026\/01\/saude-mental-01_ferascor.webp","_links":{"self":[{"href":"https:\/\/blog.ferascor.com.br\/index.php?rest_route=\/wp\/v2\/posts\/5811","targetHints":{"allow":["GET"]}}],"collection":[{"href":"https:\/\/blog.ferascor.com.br\/index.php?rest_route=\/wp\/v2\/posts"}],"about":[{"href":"https:\/\/blog.ferascor.com.br\/index.php?rest_route=\/wp\/v2\/types\/post"}],"author":[{"embeddable":true,"href":"https:\/\/blog.ferascor.com.br\/index.php?rest_route=\/wp\/v2\/users\/1"}],"replies":[{"embeddable":true,"href":"https:\/\/blog.ferascor.com.br\/index.php?rest_route=%2Fwp%2Fv2%2Fcomments&post=5811"}],"version-history":[{"count":1,"href":"https:\/\/blog.ferascor.com.br\/index.php?rest_route=\/wp\/v2\/posts\/5811\/revisions"}],"predecessor-version":[{"id":5813,"href":"https:\/\/blog.ferascor.com.br\/index.php?rest_route=\/wp\/v2\/posts\/5811\/revisions\/5813"}],"wp:featuredmedia":[{"embeddable":true,"href":"https:\/\/blog.ferascor.com.br\/index.php?rest_route=\/wp\/v2\/media\/5812"}],"wp:attachment":[{"href":"https:\/\/blog.ferascor.com.br\/index.php?rest_route=%2Fwp%2Fv2%2Fmedia&parent=5811"}],"wp:term":[{"taxonomy":"category","embeddable":true,"href":"https:\/\/blog.ferascor.com.br\/index.php?rest_route=%2Fwp%2Fv2%2Fcategories&post=5811"},{"taxonomy":"post_tag","embeddable":true,"href":"https:\/\/blog.ferascor.com.br\/index.php?rest_route=%2Fwp%2Fv2%2Ftags&post=5811"}],"curies":[{"name":"wp","href":"https:\/\/api.w.org\/{rel}","templated":true}]}}