{"id":5808,"date":"2026-01-21T16:21:43","date_gmt":"2026-01-21T19:21:43","guid":{"rendered":"https:\/\/blog.ferascor.com.br\/?p=5808"},"modified":"2026-02-23T17:34:20","modified_gmt":"2026-02-23T20:34:20","slug":"medsenior-investe-mais-de-r-100-milhoes-em-2026-e-amplia-atendimento-com-foco-no-bem-envelhecer","status":"publish","type":"post","link":"https:\/\/blog.ferascor.com.br\/?p=5808","title":{"rendered":"MedS\u00eanior investe mais de R$ 100 milh\u00f5es em 2026 e amplia atendimento com foco no \u201cBem Envelhecer\u201d"},"content":{"rendered":"\n<div style=\"height:15px\" aria-hidden=\"true\" class=\"wp-block-spacer\"><\/div>\n\n\n\n<p>Refer\u00eancia nacional em medicina preventiva e especializada no atendimento a pessoas a partir dos 49 anos, a <strong><a href=\"https:\/\/blog.ferascor.com.br\/?tag=medsenior\" target=\"_blank\" rel=\"noreferrer noopener\">MedS\u00eanior<\/a><\/strong> inicia um novo ciclo de expans\u00e3o mantendo seu foco no cuidado humanizado e no \u201cBem Envelhecer\u201d.<\/p>\n\n\n\n<p>Para 2026, a empresa projeta investir R$ 109 milh\u00f5es na abertura de unidades, moderniza\u00e7\u00e3o de estruturas e fortalecimento de sua capacidade operacional em diferentes regi\u00f5es do pa\u00eds. Entre os destaques da operadora, est\u00e1 a constru\u00e7\u00e3o de uma nova unidade na Grande Vit\u00f3ria.<\/p>\n\n\n\n<p>A iniciativa refor\u00e7a a expans\u00e3o da rede pr\u00f3pria da MedS\u00eanior e consolida sua estrat\u00e9gia de proximidade com o benefici\u00e1rio. <em>\u201cAo inaugurar uma unidade, nosso objetivo \u00e9 ampliar nossa rede pr\u00f3pria e refor\u00e7ar nossa miss\u00e3o de transformar o envelhecimento em uma fase de qualidade, autonomia e bem-estar. O cuidado humanizado, aliado \u00e0 inova\u00e7\u00e3o em servi\u00e7os e tecnologia, est\u00e1 no centro da filosofia MedS\u00eanior\u201d<\/em>, destaca o presidente da MedS\u00eanior, <strong>Maely Coelho<\/strong>.<\/p>\n\n\n\n<p>Al\u00e9m do novo pr\u00e9dio na Grande Vit\u00f3ria, a empresa ainda vai inaugurar uma unidade em Recife (PE), a primeira no Nordeste, marcando presen\u00e7a em uma nova regi\u00e3o e aumentando o acesso a servi\u00e7os de sa\u00fade especializados para o p\u00fablico 49+.<\/p>\n\n\n\n<p>Tamb\u00e9m em 2026, a MedS\u00eanior abre as portas de uma nova unidade no M\u00e9ier, Zona Norte da cidade do Rio de Janeiro (RJ).<\/p>\n\n\n\n<p><em>\u201cSer\u00e3o espa\u00e7os com foco em promover o Bem Envelhecer dos nossos clientes. As unidades est\u00e3o localizadas em regi\u00f5es estrat\u00e9gicas para atender v\u00e1rias pessoas e proporcionar nosso modelo que prioriza o atendimento humanizado e o cuidado integral\u201d<\/em>, afirma <strong>Priscila Valentim<\/strong>, vice-presidente operacional da operadora.<\/p>\n\n\n\n<p>Com 15 anos de atua\u00e7\u00e3o, 45 unidades pr\u00f3prias e mais de 260 mil benefici\u00e1rios, a MedS\u00eanior mant\u00e9m a tecnologia e a medicina preventiva como pilares de um modelo de cuidado que valoriza acompanhamento cont\u00ednuo, acolhimento e qualidade de vida.<\/p>\n\n\n\n<p>S\u00f3 no Esp\u00edrito Santo, j\u00e1 s\u00e3o 10 unidades pr\u00f3prias, incluindo o primeiro hospital exclusivo para pessoas a partir de 49 anos.<\/p>\n\n\n\n<p class=\"has-small-font-size\">Fonte: <a href=\"https:\/\/medsenior.com.br\/noticia\/medsenior-investe-mais-de-r-100-milhoes-em-2026-e-amplia-atendimento-com-foco-no-bem-envelhecer\/\">MedS\u00eanior<\/a><\/p>\n\n\n\n<div style=\"height:25px\" aria-hidden=\"true\" class=\"wp-block-spacer\"><\/div>\n","protected":false},"excerpt":{"rendered":"<p>Refer\u00eancia nacional em medicina preventiva e especializada no atendimento a pessoas a partir dos 49 anos, a MedS\u00eanior inicia um&hellip;<\/p>\n","protected":false},"author":1,"featured_media":5809,"comment_status":"closed","ping_status":"open","sticky":false,"template":"","format":"standard","meta":{"_monsterinsights_skip_tracking":false,"_monsterinsights_sitenote_active":false,"_monsterinsights_sitenote_note":"","_monsterinsights_sitenote_category":0,"footnotes":""},"categories":[22],"tags":[59],"class_list":["post-5808","post","type-post","status-publish","format-standard","has-post-thumbnail","hentry","category-noticias","tag-medsenior"],"featured_image_link":"https:\/\/blog.ferascor.com.br\/wp-content\/uploads\/2026\/01\/medsenior-01_ferascor.webp","_links":{"self":[{"href":"https:\/\/blog.ferascor.com.br\/index.php?rest_route=\/wp\/v2\/posts\/5808","targetHints":{"allow":["GET"]}}],"collection":[{"href":"https:\/\/blog.ferascor.com.br\/index.php?rest_route=\/wp\/v2\/posts"}],"about":[{"href":"https:\/\/blog.ferascor.com.br\/index.php?rest_route=\/wp\/v2\/types\/post"}],"author":[{"embeddable":true,"href":"https:\/\/blog.ferascor.com.br\/index.php?rest_route=\/wp\/v2\/users\/1"}],"replies":[{"embeddable":true,"href":"https:\/\/blog.ferascor.com.br\/index.php?rest_route=%2Fwp%2Fv2%2Fcomments&post=5808"}],"version-history":[{"count":1,"href":"https:\/\/blog.ferascor.com.br\/index.php?rest_route=\/wp\/v2\/posts\/5808\/revisions"}],"predecessor-version":[{"id":5810,"href":"https:\/\/blog.ferascor.com.br\/index.php?rest_route=\/wp\/v2\/posts\/5808\/revisions\/5810"}],"wp:featuredmedia":[{"embeddable":true,"href":"https:\/\/blog.ferascor.com.br\/index.php?rest_route=\/wp\/v2\/media\/5809"}],"wp:attachment":[{"href":"https:\/\/blog.ferascor.com.br\/index.php?rest_route=%2Fwp%2Fv2%2Fmedia&parent=5808"}],"wp:term":[{"taxonomy":"category","embeddable":true,"href":"https:\/\/blog.ferascor.com.br\/index.php?rest_route=%2Fwp%2Fv2%2Fcategories&post=5808"},{"taxonomy":"post_tag","embeddable":true,"href":"https:\/\/blog.ferascor.com.br\/index.php?rest_route=%2Fwp%2Fv2%2Ftags&post=5808"}],"curies":[{"name":"wp","href":"https:\/\/api.w.org\/{rel}","templated":true}]}}