{"id":5802,"date":"2026-01-20T10:27:31","date_gmt":"2026-01-20T13:27:31","guid":{"rendered":"https:\/\/blog.ferascor.com.br\/?p=5802"},"modified":"2026-02-23T17:29:48","modified_gmt":"2026-02-23T20:29:48","slug":"plano-de-saude-e-denunciado-por-dificultar-tratamento-de-crianca-com-autismo-no-piaui","status":"publish","type":"post","link":"https:\/\/blog.ferascor.com.br\/?p=5802","title":{"rendered":"Plano de sa\u00fade \u00e9 denunciado por dificultar tratamento de crian\u00e7a com autismo no Piau\u00ed"},"content":{"rendered":"\n<div style=\"height:15px\" aria-hidden=\"true\" class=\"wp-block-spacer\"><\/div>\n\n\n\n<p>A <strong>Unimed Teresina<\/strong> foi denunciada ao Minist\u00e9rio P\u00fablico do Estado do Piau\u00ed (MPPI) por supostamente impor barreiras administrativas que dificultam o acesso de uma crian\u00e7a com <strong><a href=\"https:\/\/blog.ferascor.com.br\/?tag=autismo\" target=\"_blank\" rel=\"noreferrer noopener\">Transtorno do Espectro Autista (TEA)<\/a><\/strong> a terapias essenciais, especialmente as baseadas na metodologia de An\u00e1lise do Comportamento Aplicada (ABA). A den\u00fancia aponta que a pr\u00e1tica n\u00e3o seria um caso isolado, mas parte de uma conduta recorrente que afeta crian\u00e7as neurodivergentes em situa\u00e7\u00e3o de vulnerabilidade.<\/p>\n\n\n\n<p>De acordo com o relato apresentado ao MPPI, a crian\u00e7a possui defici\u00eancia visual, intelectual e uma condi\u00e7\u00e3o cl\u00ednica rara associada ao TEA, o que exige tratamento multiprofissional intensivo, cont\u00ednuo e individualizado, conforme prescri\u00e7\u00e3o m\u00e9dica. O acompanhamento inclui terapeutas especializados, plano terap\u00eautico individualizado (PTI), supervis\u00e3o t\u00e9cnica, treino parental e ajustes frequentes conforme a evolu\u00e7\u00e3o cl\u00ednica.<\/p>\n\n\n\n<p>Segundo a fam\u00edlia, os requisitos s\u00e3o indispens\u00e1veis para a efetividade da metodologia ABA, amplamente utilizada no tratamento de pessoas com autismo. No entanto, o principal entrave enfrentado n\u00e3o estaria no diagn\u00f3stico ou na indica\u00e7\u00e3o do tratamento, mas na condu\u00e7\u00e3o administrativa adotada pela operadora de sa\u00fade.<\/p>\n\n\n\n<p>Os pais afirmam que, ao longo dos anos, a Unimed Teresina teria adotado uma conduta padronizada para restringir de forma indireta o custeio das terapias, sobretudo quando os atendimentos s\u00e3o realizados fora de unidades pr\u00f3prias vinculadas ao plano. A den\u00fancia sustenta que n\u00e3o h\u00e1 uma negativa formal de cobertura, mas a imposi\u00e7\u00e3o de sucessivas exig\u00eancias burocr\u00e1ticas.<\/p>\n\n\n\n<p>Entre as pr\u00e1ticas relatadas est\u00e3o pedidos reiterados de documentos j\u00e1 apresentados, como recibos, notas fiscais, comprovantes banc\u00e1rios, fichas de frequ\u00eancia detalhadas e relat\u00f3rios terap\u00eauticos. \u201cA Unimed Teresina exige permanentemente a apresenta\u00e7\u00e3o repetida e detalhada de documentos quando o prazo de an\u00e1lise j\u00e1 est\u00e1 prestes a vencer e assim ganha mais tempo e n\u00e3o paga\u201d, afirmou Vagner Mendes, pai da crian\u00e7a.<\/p>\n\n\n\n<p>Esse processo, descrito pela fam\u00edlia como uma \u201cburocratiza\u00e7\u00e3o em camadas\u201d, faria com que o prazo legal de at\u00e9 30 dias para reembolso fosse constantemente prorrogado, chegando a 60, 90 dias ou mais. A situa\u00e7\u00e3o gera, segundo os denunciantes, inseguran\u00e7a financeira e o risco de interrup\u00e7\u00e3o de tratamentos cont\u00ednuos e de alto custo.<\/p>\n\n\n\n<p>A den\u00fancia tamb\u00e9m relata inconsistentes como a recusa de pagamento pelo uso do termo \u201csupervisor\u201d no carimbo de profissionais, apesar de a supervis\u00e3o t\u00e9cnica ser parte estrutural do m\u00e9todo ABA. Para o advogado <strong>Lucas Freitas<\/strong>, representante de uma das fam\u00edlias, a atua\u00e7\u00e3o da operadora pode comprometer o direito \u00e0 sa\u00fade. <em>\u201cEssas pr\u00e1ticas podem resultar na redu\u00e7\u00e3o da intensidade terap\u00eautica ou at\u00e9 na interrup\u00e7\u00e3o do tratamento. O Minist\u00e9rio P\u00fablico foi acionado porque o que est\u00e1 em jogo n\u00e3o \u00e9 apenas um caso isolado, mas um modelo de atua\u00e7\u00e3o que pode afetar in\u00fameras crian\u00e7as e pessoas com defici\u00eancia no estado\u201d<\/em>, afirmou.<\/p>\n\n\n\n<div style=\"height:25px\" aria-hidden=\"true\" class=\"wp-block-spacer\"><\/div>\n\n\n\n<h2 class=\"wp-block-heading\">Outro lado<\/h2>\n\n\n\n<p>Em nota, a Unimed Teresina afirmou que n\u00e3o comenta casos administrativos ou judiciais em andamento, mas esclareceu que a empresa atua em conformidade com as normas e a legisla\u00e7\u00e3o vigente.<\/p>\n\n\n\n<p><em>A Unimed Teresina, cooperativa m\u00e9dica que atende mais de 100 mil benefici\u00e1rios no Piau\u00ed, recebeu com aten\u00e7\u00e3o a reportagem veiculada e refor\u00e7a seu compromisso com a transpar\u00eancia e o atendimento de qualidade a todos os seus clientes.<\/em><\/p>\n\n\n\n<p><em>Por quest\u00f5es \u00e9ticas e de sigilo m\u00e9dico, a Unimed Teresina n\u00e3o comenta casos individuais em andamento, sejam administrativos ou judiciais. Esclarece, contudo, que atua em total conformidade com as normas da Ag\u00eancia Nacional de Sa\u00fade Suplementar (ANS) e a legisla\u00e7\u00e3o vigente, garantindo a cobertura assistencial prevista contratualmente.<\/em><\/p>\n\n\n\n<p><em>Demonstrando sua dedica\u00e7\u00e3o ao tema, a Unimed Teresina inaugurou em 2025 o Espa\u00e7o THEAcolher \u2013 Centro de Terapias Especiais Unimed, um dos maiores centros deste tipo no Brasil, especializado no tratamento de transtornos como o TEA. Com 124 salas de atendimento e estrutura completa, o centro oferece interven\u00e7\u00f5es baseadas na ci\u00eancia ABA, recomendada pela OMS, atendendo uma demanda regional carente de infraestrutura, equipamentos e profissionais especializados. Em 2025, a cooperativa realizou mais de 32 mil sess\u00f5es de terapias especiais em m\u00e9dia por m\u00eas.<\/em><\/p>\n\n\n\n<p><em>Quanto \u00e0s alega\u00e7\u00f5es sobre processos administrativos, a Unimed Teresina esclarece que disp\u00f5e de recursos pr\u00f3prios e rede credenciada com disponibilidade de vagas. O procedimento de verifica\u00e7\u00e3o documental para reembolsos, quando ocorre, \u00e9 indispens\u00e1vel para verificar a realiza\u00e7\u00e3o dos procedimentos, a frequ\u00eancia e a adequa\u00e7\u00e3o aos termos contratuais, protegendo tanto a operadora quanto todos os benefici\u00e1rios.<\/em><\/p>\n\n\n\n<p><em>A Unimed Teresina est\u00e1 \u00e0 disposi\u00e7\u00e3o pelo Fale Conosco: 0800 715 8077 (segunda a sexta, 8h \u00e0s 18h), reafirmando seu compromisso com \u00e9tica, transpar\u00eancia e dedica\u00e7\u00e3o \u00e0 sa\u00fade de todos os benefici\u00e1rios.<\/em><\/p>\n\n\n\n<p class=\"has-small-font-size\">Fonte: <a href=\"https:\/\/cqcs.com.br\/noticia\/plano-de-saude-e-denunciado-por-dificultar-tratamento-de-crianca-com-autismo-no-piaui\/\" target=\"_blank\" rel=\"noreferrer noopener\">CQCS<\/a><\/p>\n\n\n\n<div style=\"height:25px\" aria-hidden=\"true\" class=\"wp-block-spacer\"><\/div>\n","protected":false},"excerpt":{"rendered":"<p>A Unimed Teresina foi denunciada ao Minist\u00e9rio P\u00fablico do Estado do Piau\u00ed (MPPI) por supostamente impor barreiras administrativas que dificultam&hellip;<\/p>\n","protected":false},"author":1,"featured_media":4792,"comment_status":"closed","ping_status":"open","sticky":false,"template":"","format":"standard","meta":{"_monsterinsights_skip_tracking":false,"_monsterinsights_sitenote_active":false,"_monsterinsights_sitenote_note":"","_monsterinsights_sitenote_category":0,"footnotes":""},"categories":[22],"tags":[51,359],"class_list":["post-5802","post","type-post","status-publish","format-standard","has-post-thumbnail","hentry","category-noticias","tag-autismo","tag-unimed-teresina"],"featured_image_link":"https:\/\/blog.ferascor.com.br\/wp-content\/uploads\/2024\/11\/autismo-simbolo-crianca-autista_ferascor.webp","_links":{"self":[{"href":"https:\/\/blog.ferascor.com.br\/index.php?rest_route=\/wp\/v2\/posts\/5802","targetHints":{"allow":["GET"]}}],"collection":[{"href":"https:\/\/blog.ferascor.com.br\/index.php?rest_route=\/wp\/v2\/posts"}],"about":[{"href":"https:\/\/blog.ferascor.com.br\/index.php?rest_route=\/wp\/v2\/types\/post"}],"author":[{"embeddable":true,"href":"https:\/\/blog.ferascor.com.br\/index.php?rest_route=\/wp\/v2\/users\/1"}],"replies":[{"embeddable":true,"href":"https:\/\/blog.ferascor.com.br\/index.php?rest_route=%2Fwp%2Fv2%2Fcomments&post=5802"}],"version-history":[{"count":1,"href":"https:\/\/blog.ferascor.com.br\/index.php?rest_route=\/wp\/v2\/posts\/5802\/revisions"}],"predecessor-version":[{"id":5803,"href":"https:\/\/blog.ferascor.com.br\/index.php?rest_route=\/wp\/v2\/posts\/5802\/revisions\/5803"}],"wp:featuredmedia":[{"embeddable":true,"href":"https:\/\/blog.ferascor.com.br\/index.php?rest_route=\/wp\/v2\/media\/4792"}],"wp:attachment":[{"href":"https:\/\/blog.ferascor.com.br\/index.php?rest_route=%2Fwp%2Fv2%2Fmedia&parent=5802"}],"wp:term":[{"taxonomy":"category","embeddable":true,"href":"https:\/\/blog.ferascor.com.br\/index.php?rest_route=%2Fwp%2Fv2%2Fcategories&post=5802"},{"taxonomy":"post_tag","embeddable":true,"href":"https:\/\/blog.ferascor.com.br\/index.php?rest_route=%2Fwp%2Fv2%2Ftags&post=5802"}],"curies":[{"name":"wp","href":"https:\/\/api.w.org\/{rel}","templated":true}]}}