{"id":5798,"date":"2026-01-20T10:08:11","date_gmt":"2026-01-20T13:08:11","guid":{"rendered":"https:\/\/blog.ferascor.com.br\/?p=5798"},"modified":"2026-02-20T16:46:59","modified_gmt":"2026-02-20T19:46:59","slug":"planos-odontologicos-atingem-recorde-e-chegam-a-354-milhoes","status":"publish","type":"post","link":"https:\/\/blog.ferascor.com.br\/?p=5798","title":{"rendered":"Planos odontol\u00f3gicos atingem recorde e chegam a 35,4 milh\u00f5es"},"content":{"rendered":"\n<div style=\"height:15px\" aria-hidden=\"true\" class=\"wp-block-spacer\"><\/div>\n\n\n\n<p>O mercado de planos exclusivamente odontol\u00f3gicos manteve trajet\u00f3ria de crescimento ao longo dos 12 meses encerrados em novembro de 2025, per\u00edodo em que o n\u00famero total de benefici\u00e1rios alcan\u00e7ou 35,4 milh\u00f5es, um acr\u00e9scimo de 1,1 milh\u00e3o no per\u00edodo, o maior patamar j\u00e1 registrado na s\u00e9rie hist\u00f3rica iniciada em 2000, segundo a An\u00e1lise Especial da Nota de Acompanhamento de Benefici\u00e1rios (NAB), do <strong><a href=\"https:\/\/blog.ferascor.com.br\/?tag=iess\" target=\"_blank\" rel=\"noreferrer noopener\">Instituto de Estudos de Sa\u00fade Suplementar (IESS)<\/a><\/strong>.<\/p>\n\n\n\n<p>Segundo o Instituto, o recorde observado em novembro de 2025 resulta da combina\u00e7\u00e3o entre a expans\u00e3o do emprego formal, a estrat\u00e9gia das empresas de ampliar seus pacotes de benef\u00edcios e a rela\u00e7\u00e3o custo-benef\u00edcio favor\u00e1vel dos planos odontol\u00f3gicos, consolidando o segmento como um dos vetores mais din\u00e2micos da sa\u00fade suplementar brasileira.<\/p>\n\n\n\n<p><em>\u201cA forte concentra\u00e7\u00e3o dos benefici\u00e1rios em planos coletivos empresariais evidencia a estreita rela\u00e7\u00e3o entre a expans\u00e3o da cobertura odontol\u00f3gica e o mercado de trabalho formal, onde esse benef\u00edcio tem sido cada vez mais usado como instrumento de atra\u00e7\u00e3o e reten\u00e7\u00e3o de trabalhadores\u201d<\/em>, avalia <strong>Jos\u00e9 Cechin<\/strong>, superintendente executivo do IESS.<\/p>\n\n\n\n<p>O resultado consolida um movimento de expans\u00e3o intensificado no per\u00edodo mais recente e reflete uma tend\u00eancia estrutural de longo prazo do segmento. Desde mar\u00e7o de 2000, quando havia 2,2 milh\u00f5es de benefici\u00e1rios, os planos odontol\u00f3gicos acumularam crescimento absoluto de 33,2 milh\u00f5es de v\u00ednculos, multiplicando sua base por mais de 16 vezes ao longo de aproximadamente 25 anos.<\/p>\n\n\n\n<p><em>\u201cO avan\u00e7o observado nos \u00faltimos 12 meses n\u00e3o \u00e9 um fen\u00f4meno isolado. Ele se insere em uma trajet\u00f3ria cont\u00ednua de expans\u00e3o dos planos odontol\u00f3gicos, que vem se consolidando ao longo de d\u00e9cadas\u201d<\/em>, afirma Cechin.<\/p>\n\n\n\n<p>A an\u00e1lise hist\u00f3rica mostra que o segmento apresentou crescimento sustentado mesmo em per\u00edodos de desacelera\u00e7\u00e3o econ\u00f4mica, incluindo os anos da pandemia de Covid-19. Ap\u00f3s uma queda pontual em meados de 2020, o n\u00famero de benefici\u00e1rios se recuperou rapidamente e voltou a crescer, superando os n\u00edveis pr\u00e9-pandemia j\u00e1 em 2021.<\/p>\n\n\n\n<p>Mais recentemente, entre 2022 e novembro de 2025, a expans\u00e3o se intensificou, com a adi\u00e7\u00e3o de 7,1 milh\u00f5es de novos benefici\u00e1rios, evidenciando o dinamismo atual do mercado odontol\u00f3gico suplementar.<\/p>\n\n\n\n<p>A desagrega\u00e7\u00e3o dos dados por tipo de contrata\u00e7\u00e3o revela que o crescimento foi fortemente concentrado nos planos coletivos empresariais, que passaram de 639 mil benefici\u00e1rios em 2000 para 26,4 milh\u00f5es em novembro de 2025. Essa modalidade responde atualmente por cerca de 75% de todos os v\u00ednculos de planos odontol\u00f3gicos no pa\u00eds.<\/p>\n\n\n\n<p>A predomin\u00e2ncia dos planos empresariais reflete fatores estruturais do mercado, como o menor custo relativo da cobertura odontol\u00f3gica em compara\u00e7\u00e3o aos planos m\u00e9dico-hospitalares e sua crescente utiliza\u00e7\u00e3o como benef\u00edcio complementar oferecido pelas empresas.<\/p>\n\n\n\n<p>Os planos individuais ou familiares alcan\u00e7aram 5,7 milh\u00f5es de benefici\u00e1rios, enquanto os planos coletivos por ades\u00e3o somaram 3,25 milh\u00f5es, mantendo participa\u00e7\u00e3o proporcionalmente menor na composi\u00e7\u00e3o total.<\/p>\n\n\n\n<p><em>\u201cMesmo diante de oscila\u00e7\u00f5es econ\u00f4micas relevantes, o segmento demonstrou capacidade de recupera\u00e7\u00e3o e crescimento, o que refor\u00e7a seu car\u00e1ter estrutural dentro da sa\u00fade suplementar\u201d<\/em>, destaca Cechin.<\/p>\n\n\n\n<p class=\"has-small-font-size\">Fonte: <a href=\"https:\/\/revistaapolice.com.br\/2026\/01\/planos-odontologicos-atingem-recorde-e-chegam-a-354-milhoes\/\" target=\"_blank\" rel=\"noreferrer noopener\">Revista Ap\u00f3lice<\/a><\/p>\n\n\n\n<div style=\"height:0px\" aria-hidden=\"true\" class=\"wp-block-spacer\"><\/div>\n\n\n\n<div style=\"height:25px\" aria-hidden=\"true\" class=\"wp-block-spacer\"><\/div>\n","protected":false},"excerpt":{"rendered":"<p>O mercado de planos exclusivamente odontol\u00f3gicos manteve trajet\u00f3ria de crescimento ao longo dos 12 meses encerrados em novembro de 2025,&hellip;<\/p>\n","protected":false},"author":1,"featured_media":2614,"comment_status":"closed","ping_status":"open","sticky":false,"template":"","format":"standard","meta":{"_monsterinsights_skip_tracking":false,"_monsterinsights_sitenote_active":false,"_monsterinsights_sitenote_note":"","_monsterinsights_sitenote_category":0,"footnotes":""},"categories":[22],"tags":[137,65],"class_list":["post-5798","post","type-post","status-publish","format-standard","has-post-thumbnail","hentry","category-noticias","tag-iess","tag-planos-odontologicos"],"featured_image_link":"https:\/\/blog.ferascor.com.br\/wp-content\/uploads\/2024\/06\/ferascor_planos-odonto-32-7.webp","_links":{"self":[{"href":"https:\/\/blog.ferascor.com.br\/index.php?rest_route=\/wp\/v2\/posts\/5798","targetHints":{"allow":["GET"]}}],"collection":[{"href":"https:\/\/blog.ferascor.com.br\/index.php?rest_route=\/wp\/v2\/posts"}],"about":[{"href":"https:\/\/blog.ferascor.com.br\/index.php?rest_route=\/wp\/v2\/types\/post"}],"author":[{"embeddable":true,"href":"https:\/\/blog.ferascor.com.br\/index.php?rest_route=\/wp\/v2\/users\/1"}],"replies":[{"embeddable":true,"href":"https:\/\/blog.ferascor.com.br\/index.php?rest_route=%2Fwp%2Fv2%2Fcomments&post=5798"}],"version-history":[{"count":1,"href":"https:\/\/blog.ferascor.com.br\/index.php?rest_route=\/wp\/v2\/posts\/5798\/revisions"}],"predecessor-version":[{"id":5801,"href":"https:\/\/blog.ferascor.com.br\/index.php?rest_route=\/wp\/v2\/posts\/5798\/revisions\/5801"}],"wp:featuredmedia":[{"embeddable":true,"href":"https:\/\/blog.ferascor.com.br\/index.php?rest_route=\/wp\/v2\/media\/2614"}],"wp:attachment":[{"href":"https:\/\/blog.ferascor.com.br\/index.php?rest_route=%2Fwp%2Fv2%2Fmedia&parent=5798"}],"wp:term":[{"taxonomy":"category","embeddable":true,"href":"https:\/\/blog.ferascor.com.br\/index.php?rest_route=%2Fwp%2Fv2%2Fcategories&post=5798"},{"taxonomy":"post_tag","embeddable":true,"href":"https:\/\/blog.ferascor.com.br\/index.php?rest_route=%2Fwp%2Fv2%2Ftags&post=5798"}],"curies":[{"name":"wp","href":"https:\/\/api.w.org\/{rel}","templated":true}]}}