{"id":5202,"date":"2025-01-28T15:13:30","date_gmt":"2025-01-28T18:13:30","guid":{"rendered":"https:\/\/blog.ferascor.com.br\/?p=5202"},"modified":"2025-02-03T17:43:14","modified_gmt":"2025-02-03T20:43:14","slug":"senado-determina-que-plano-de-saude-pague-despesa-de-acompanhante-no-parto","status":"publish","type":"post","link":"https:\/\/blog.ferascor.com.br\/?p=5202","title":{"rendered":"Senado determina que plano de sa\u00fade pague despesa de acompanhante no parto"},"content":{"rendered":"\n<p class=\"has-text-align-right has-small-font-size\">\u2022 Foto: Jonathan Borba \/ Pexels<\/p>\n\n\n\n<div style=\"height:15px\" aria-hidden=\"true\" class=\"wp-block-spacer\"><\/div>\n\n\n\n<p>A <strong>Comiss\u00e3o de Assuntos Sociais (CAS)<\/strong> aprovou o projeto que obriga os planos de sa\u00fade a custearem as despesas com a acompanhante escolhida pela gestante durante o trabalho de parto, o parto e o p\u00f3s-parto imediato (<a href=\"https:\/\/www25.senado.leg.br\/web\/atividade\/materias\/-\/materia\/154839\" target=\"_blank\" rel=\"noreferrer noopener\">PL 2.570\/2022<\/a>). A proposta ainda exige que eventual ren\u00fancia ao direito de ter uma acompanhante dever\u00e1 ser feita por escrito, ap\u00f3s a mulher ser orientada quanto a essa prerrogativa. Se deixar de prestar tais informa\u00e7\u00f5es, inclusive em linguagem adequada para as mulheres ind\u00edgenas, o estabelecimento estar\u00e1 sujeito a penaliza\u00e7\u00f5es por infra\u00e7\u00e3o sanit\u00e1ria, como a de interdi\u00e7\u00e3o ou o de cancelamento de autoriza\u00e7\u00e3o e alvar\u00e1 de funcionamento.<\/p>\n\n\n\n<p>Ao ler o relat\u00f3rio da <strong>senadora Jussara Lima (PSD-PI)<\/strong>, a <strong>senadora Leila Barros (PDT-DF)<\/strong> lembrou que a lei j\u00e1 garante o direito de um acompanhante para as mulheres durante o atendimento m\u00e9dico, mas, segundo ela, o projeto \u00e9 merit\u00f3rio ao deixar claro que a medida valer\u00e1 durante o parto e ao prever puni\u00e7\u00f5es ao estabelecimento que n\u00e3o prestar as devidas informa\u00e7\u00f5es sobre esse direito:<\/p>\n\n\n\n<blockquote class=\"wp-block-quote is-layout-flow wp-block-quote-is-layout-flow\">\n<p><em>&#8220;A Organiza\u00e7\u00e3o Mundial de Sa\u00fade, a <a href=\"https:\/\/blog.ferascor.com.br\/tag\/oms\/\">OMS<\/a>, recomenda a presen\u00e7a de um acompanhante durante o trabalho de parto e durante o parto, j\u00e1 que h\u00e1 vastas evid\u00eancias cient\u00edficas de que essa medida melhora os esfechos da assist\u00eancia assistente no per\u00edodo perinatal. Inclusive reduz o uso de medicamentos e de interven\u00e7\u00f5es m\u00e9dicas, bem como aumenta a satisfa\u00e7\u00e3o da mulher com os servi\u00e7os de sa\u00fade.&#8221;<\/em><\/p>\n<\/blockquote>\n\n\n\n<p>O <strong>senador Dr. Irando (Progressistas-RR)<\/strong>, que \u00e9 m\u00e9dico, considera importante que o acompanhante esteja preparado para desempenhar sua fun\u00e7\u00e3o. <em>&#8220;\u00c0s vezes a gente est\u00e1 operando o olho e tem uma pessoa que acompanha, tem muitas pessoas que v\u00e3o e pedem para acompanhar, a gente deixa acompanhar. A\u00ed d\u00e1 um pequeno sangramento na cirurgia, o paciente est\u00e1 ouvindo, cirurgia \u00e9 feita com anestesia local. Uma exclama\u00e7\u00e3o de algu\u00e9m que est\u00e1 acompanhando, assim, nossa, por que est\u00e1 sangrando tanto? Imagina quem est\u00e1 l\u00e1 embaixo, cobertinho, s\u00f3 com o olho, uma luz intensa nesse olho, a pessoa que est\u00e1 l\u00e1 embaixo tamb\u00e9m vai ficar completamente apavorada no que est\u00e1 acontecendo. Ent\u00e3o, \u00e0s vezes, \u00e9 bom que a gente sempre prepare com cuidado aquele que vai acompanhar nesse procedimento.&#8221;<\/em><\/p>\n\n\n\n<p>A proposta seguiu para an\u00e1lise da C\u00e2mara dos Deputados.<\/p>\n\n\n\n<p class=\"has-small-font-size\">Fonte: <a href=\"https:\/\/www12.senado.leg.br\/noticias\/audios\/2025\/01\/senado-determina-que-plano-de-saude-pague-despesa-de-acompanhante-no-parto\" target=\"_blank\" rel=\"noreferrer noopener\">Ag\u00eancia Senado<\/a><\/p>\n\n\n\n<div style=\"height:25px\" aria-hidden=\"true\" class=\"wp-block-spacer\"><\/div>\n","protected":false},"excerpt":{"rendered":"<p>\u2022 Foto: Jonathan Borba \/ Pexels A Comiss\u00e3o de Assuntos Sociais (CAS) aprovou o projeto que obriga os planos de&hellip;<\/p>\n","protected":false},"author":1,"featured_media":5204,"comment_status":"closed","ping_status":"open","sticky":false,"template":"","format":"standard","meta":{"_monsterinsights_skip_tracking":false,"_monsterinsights_sitenote_active":false,"_monsterinsights_sitenote_note":"","_monsterinsights_sitenote_category":0,"footnotes":""},"categories":[22],"tags":[35],"class_list":["post-5202","post","type-post","status-publish","format-standard","has-post-thumbnail","hentry","category-noticias","tag-planos-de-saude"],"featured_image_link":"https:\/\/blog.ferascor.com.br\/wp-content\/uploads\/2025\/01\/pexels-jonathanborba-3259628_ferascor-1.webp","_links":{"self":[{"href":"https:\/\/blog.ferascor.com.br\/index.php?rest_route=\/wp\/v2\/posts\/5202","targetHints":{"allow":["GET"]}}],"collection":[{"href":"https:\/\/blog.ferascor.com.br\/index.php?rest_route=\/wp\/v2\/posts"}],"about":[{"href":"https:\/\/blog.ferascor.com.br\/index.php?rest_route=\/wp\/v2\/types\/post"}],"author":[{"embeddable":true,"href":"https:\/\/blog.ferascor.com.br\/index.php?rest_route=\/wp\/v2\/users\/1"}],"replies":[{"embeddable":true,"href":"https:\/\/blog.ferascor.com.br\/index.php?rest_route=%2Fwp%2Fv2%2Fcomments&post=5202"}],"version-history":[{"count":1,"href":"https:\/\/blog.ferascor.com.br\/index.php?rest_route=\/wp\/v2\/posts\/5202\/revisions"}],"predecessor-version":[{"id":5205,"href":"https:\/\/blog.ferascor.com.br\/index.php?rest_route=\/wp\/v2\/posts\/5202\/revisions\/5205"}],"wp:featuredmedia":[{"embeddable":true,"href":"https:\/\/blog.ferascor.com.br\/index.php?rest_route=\/wp\/v2\/media\/5204"}],"wp:attachment":[{"href":"https:\/\/blog.ferascor.com.br\/index.php?rest_route=%2Fwp%2Fv2%2Fmedia&parent=5202"}],"wp:term":[{"taxonomy":"category","embeddable":true,"href":"https:\/\/blog.ferascor.com.br\/index.php?rest_route=%2Fwp%2Fv2%2Fcategories&post=5202"},{"taxonomy":"post_tag","embeddable":true,"href":"https:\/\/blog.ferascor.com.br\/index.php?rest_route=%2Fwp%2Fv2%2Ftags&post=5202"}],"curies":[{"name":"wp","href":"https:\/\/api.w.org\/{rel}","templated":true}]}}