{"id":5192,"date":"2025-01-27T17:19:03","date_gmt":"2025-01-27T20:19:03","guid":{"rendered":"https:\/\/blog.ferascor.com.br\/?p=5192"},"modified":"2025-01-31T15:51:07","modified_gmt":"2025-01-31T18:51:07","slug":"juiz-manda-plano-de-saude-cobrir-cirurgia-de-reparacao-apos-bariatrica","status":"publish","type":"post","link":"https:\/\/blog.ferascor.com.br\/?p=5192","title":{"rendered":"Juiz manda plano de sa\u00fade cobrir cirurgia de repara\u00e7\u00e3o ap\u00f3s bari\u00e1trica"},"content":{"rendered":"\n<p class=\"has-text-align-right has-small-font-size\">\u2022 Foto: SHVETS production \/ Pexels<\/p>\n\n\n\n<div style=\"height:15px\" aria-hidden=\"true\" class=\"wp-block-spacer\"><\/div>\n\n\n\n<p>Cirurgias pl\u00e1sticas de repara\u00e7\u00e3o do corpo de paciente que passou por cirurgia bari\u00e1trica para tratar obesidade m\u00f3rbida s\u00e3o uma <strong>continua\u00e7\u00e3o do tratamento<\/strong>. Com esse entendimento, a 2\u00aa Vara C\u00edvel do Foro de Atibaia (SP) condenou uma operadora de plano de sa\u00fade a cobrir o procedimento reparat\u00f3rio de uma cliente.<\/p>\n\n\n\n<p>O processo em quest\u00e3o foi movido por uma paciente p\u00f3s bari\u00e1trica, que n\u00e3o teve atendido o seu pedido de cobertura do procedimento restaurador. O motivo foi uma mudan\u00e7a de operadora do plano de sa\u00fade oferecido pela empresa na qual trabalha.<\/p>\n\n\n\n<p>Segundo sua defesa, a paciente passou a ter diversos problemas em decorr\u00eancia da cirurgia bari\u00e1trica. Citou&nbsp;ptose mam\u00e1ria assim\u00e9trica com flacidez cut\u00e2nea, distrofias cut\u00e2neas e subcut\u00e2neas em regi\u00e3o abdominal, dificuldade de asseio e de higieniza\u00e7\u00e3o.<\/p>\n\n\n\n<p>A operadora do plano atual alega que n\u00e3o houve migra\u00e7\u00e3o do contrato anterior, que n\u00e3o identificou um pedido de cobertura para o procedimento e que o m\u00e9dico que indicou a cirurgia era filiado ao plano anterior. E argumenta, ainda, que n\u00e3o teria obriga\u00e7\u00e3o de cobrir o procedimento, porque <em>\u201cas cirurgias pretendidas t\u00eam car\u00e1ter est\u00e9tico, e n\u00e3o reparador\u201d<\/em>.<\/p>\n\n\n\n<p>O <strong>juiz Marcelo Octaviano Diniz Junqueira<\/strong>\u00a0baseou sua decis\u00e3o em entendimento do Superior Tribunal de Justi\u00e7a\u00a0no julgamento do\u00a0<a href=\"https:\/\/processo.stj.jus.br\/repetitivos\/temas_repetitivos\/pesquisa.jsp?novaConsulta=true&amp;tipo_pesquisa=T&amp;cod_tema_inicial=1069&amp;cod_tema_final=1069\" target=\"_blank\" rel=\"noreferrer noopener\">Tema 1069<\/a>. A tese aprovada no Tribunal diz que\u00a0\u201c\u00e9 de cobertura obrigat\u00f3ria pelos planos de sa\u00fade a cirurgia pl\u00e1stica de car\u00e1ter reparador ou funcional indicada pelo m\u00e9dico assistente, em paciente p\u00f3s cirurgia bari\u00e1trica, visto ser parte decorrente do tratamento da obesidade m\u00f3rbida\u201d.<\/p>\n\n\n\n<p>O magistrado tamb\u00e9m menciona a&nbsp;<a href=\"https:\/\/www.planalto.gov.br\/ccivil_03\/leis\/l9656.htm\" target=\"_blank\" rel=\"noreferrer noopener\">Lei 9.656\/1998<\/a>, que regulamenta os planos e seguros de sa\u00fade privados. O texto determina que as empresas do setor devem custear qualquer tratamento necess\u00e1rio para o reestabelecimento de paciente que tenha passado por procedimento custeado por elas.<\/p>\n\n\n\n<p>Salientou, ainda, que a rela\u00e7\u00e3o entre as partes deve ser regida pelo\u00a0<a href=\"https:\/\/www.planalto.gov.br\/ccivil_03\/leis\/l8078compilado.htm\" target=\"_blank\" rel=\"noreferrer noopener\"><strong>C\u00f3digo de Defesa do Consumidor<\/strong><\/a>, uma vez que a paciente \u00e9 consumidora final do servi\u00e7o prestado pela empresa. <em>\u201cQualquer cl\u00e1usula no contrato firmado que exclua o custeio da cirurgia requerida \u00e9 abusiva e n\u00e3o pode persistir diante da expressa recomenda\u00e7\u00e3o m\u00e9dica\u201d<\/em>, afirma.<\/p>\n\n\n\n<p>O advogado&nbsp;<strong>Cl\u00e9ber Stevens Gerage&nbsp;<\/strong>representa a autora da a\u00e7\u00e3o.<\/p>\n\n\n\n<p class=\"has-small-font-size\">Fonte: <a href=\"https:\/\/www.conjur.com.br\/2025-jan-25\/juiz-manda-plano-de-saude-cobrir-cirurgia-de-reparacao-apos-bariatrica\/\" target=\"_blank\" rel=\"noreferrer noopener\">Conjur<\/a><\/p>\n\n\n\n<div style=\"height:25px\" aria-hidden=\"true\" class=\"wp-block-spacer\"><\/div>\n","protected":false},"excerpt":{"rendered":"<p>\u2022 Foto: SHVETS production \/ Pexels Cirurgias pl\u00e1sticas de repara\u00e7\u00e3o do corpo de paciente que passou por cirurgia bari\u00e1trica para&hellip;<\/p>\n","protected":false},"author":1,"featured_media":5193,"comment_status":"closed","ping_status":"open","sticky":false,"template":"","format":"standard","meta":{"_monsterinsights_skip_tracking":false,"_monsterinsights_sitenote_active":false,"_monsterinsights_sitenote_note":"","_monsterinsights_sitenote_category":0,"footnotes":""},"categories":[24,22],"tags":[35],"class_list":["post-5192","post","type-post","status-publish","format-standard","has-post-thumbnail","hentry","category-juridico","category-noticias","tag-planos-de-saude"],"featured_image_link":"https:\/\/blog.ferascor.com.br\/wp-content\/uploads\/2025\/01\/pexels-shvets-production-6975481_ferascor.webp","_links":{"self":[{"href":"https:\/\/blog.ferascor.com.br\/index.php?rest_route=\/wp\/v2\/posts\/5192","targetHints":{"allow":["GET"]}}],"collection":[{"href":"https:\/\/blog.ferascor.com.br\/index.php?rest_route=\/wp\/v2\/posts"}],"about":[{"href":"https:\/\/blog.ferascor.com.br\/index.php?rest_route=\/wp\/v2\/types\/post"}],"author":[{"embeddable":true,"href":"https:\/\/blog.ferascor.com.br\/index.php?rest_route=\/wp\/v2\/users\/1"}],"replies":[{"embeddable":true,"href":"https:\/\/blog.ferascor.com.br\/index.php?rest_route=%2Fwp%2Fv2%2Fcomments&post=5192"}],"version-history":[{"count":1,"href":"https:\/\/blog.ferascor.com.br\/index.php?rest_route=\/wp\/v2\/posts\/5192\/revisions"}],"predecessor-version":[{"id":5194,"href":"https:\/\/blog.ferascor.com.br\/index.php?rest_route=\/wp\/v2\/posts\/5192\/revisions\/5194"}],"wp:featuredmedia":[{"embeddable":true,"href":"https:\/\/blog.ferascor.com.br\/index.php?rest_route=\/wp\/v2\/media\/5193"}],"wp:attachment":[{"href":"https:\/\/blog.ferascor.com.br\/index.php?rest_route=%2Fwp%2Fv2%2Fmedia&parent=5192"}],"wp:term":[{"taxonomy":"category","embeddable":true,"href":"https:\/\/blog.ferascor.com.br\/index.php?rest_route=%2Fwp%2Fv2%2Fcategories&post=5192"},{"taxonomy":"post_tag","embeddable":true,"href":"https:\/\/blog.ferascor.com.br\/index.php?rest_route=%2Fwp%2Fv2%2Ftags&post=5192"}],"curies":[{"name":"wp","href":"https:\/\/api.w.org\/{rel}","templated":true}]}}