{"id":5109,"date":"2025-01-10T17:39:01","date_gmt":"2025-01-10T20:39:01","guid":{"rendered":"https:\/\/blog.ferascor.com.br\/?p=5109"},"modified":"2025-01-17T17:24:19","modified_gmt":"2025-01-17T20:24:19","slug":"pl-preve-assistencia-ao-parto-em-plano-contratado-pelo-pai","status":"publish","type":"post","link":"https:\/\/blog.ferascor.com.br\/?p=5109","title":{"rendered":"PL prev\u00ea assist\u00eancia ao parto em plano contratado pelo pai"},"content":{"rendered":"\n<p class=\"has-text-align-right has-small-font-size\">\u2022 Cr\u00e9dito da Foto: Amina Filkins \/ Pexels<\/p>\n\n\n\n<div style=\"height:15px\" aria-hidden=\"true\" class=\"wp-block-spacer\"><\/div>\n\n\n\n<p>A <strong>Comiss\u00e3o de Defesa dos Direitos da Mulher<\/strong> da\u00a0<strong>C\u00e2mara dos Deputados<\/strong>\u00a0aprovou o <strong><a href=\"https:\/\/www.camara.leg.br\/proposicoesWeb\/fichadetramitacao?idProposicao=2448934#:~:text=PL%202859%2F2024%20Inteiro%20teor,Projeto%20de%20Lei&amp;text=Altera%20a%20Lei%20n%C2%BA%209.656,cobertura%20da%20assist%C3%AAncia%20ao%20parto.\" target=\"_blank\" rel=\"noreferrer noopener\">Projeto de Lei 2859\/24<\/a><\/strong>, que garante que a <strong>contrata\u00e7\u00e3o<\/strong> de plano de segmenta\u00e7\u00e3o hospitalar com obstetr\u00edcia pelo <strong>benefici\u00e1rio-pai<\/strong> inclua a <strong>cobertura da assist\u00eancia ao parto<\/strong>, <strong><span style=\"text-decoration: underline;\">ainda que a m\u00e3e n\u00e3o esteja no mesmo\u00a0plano<\/span><\/strong>. A proposta, do <strong>deputado Pedro Lucas Fernandes (Uni\u00e3o-MA)<\/strong>, altera a\u00a0<a href=\"https:\/\/www2.camara.leg.br\/legin\/fed\/lei\/1998\/lei-9656-3-junho-1998-353439-norma-pl.html\" target=\"_blank\" rel=\"noreferrer noopener\">Lei dos Planos de Sa\u00fade<\/a>.<\/p>\n\n\n\n<p>A relatora, <strong>deputada Ana Pimentel (PT-MG)<\/strong>, foi favor\u00e1vel ao projeto. Ela observou que, quando a cobertura de assist\u00eancia ao parto se limita \u00e0 m\u00e3e, ficam de fora situa\u00e7\u00f5es em que o pai \u00e9 o titular do plano e que m\u00e3e n\u00e3o tem cobertura ou est\u00e1 cumprindo per\u00edodo de car\u00eancia.<\/p>\n\n\n\n<blockquote class=\"wp-block-quote is-layout-flow wp-block-quote-is-layout-flow\">\n<p><em>\u201cColocar o pai como contratante do plano de sa\u00fade, com direito \u00e0 cobertura de assist\u00eancia ao parto, amplia significativamente a rede de assist\u00eancia m\u00e9dica para as mulheres gestantes e seus filhos\u201d<\/em>, afirmou a relatora. <em>\u201cNada mais justo que os homens tamb\u00e9m possam contratar planos de sa\u00fade com essas regras.\u201d<\/em><\/p>\n<\/blockquote>\n\n\n\n<p>Atualmente, o plano de sa\u00fade que inclua atendimento obst\u00e9trico deve prever cobertura assistencial ao rec\u00e9m-nascido durante os primeiros 30 dias ap\u00f3s o parto e inscri\u00e7\u00e3o assegurada como dependente, sem car\u00eancia, no mesmo prazo de 30 dias.<\/p>\n\n\n\n<div style=\"height:10px\" aria-hidden=\"true\" class=\"wp-block-spacer\"><\/div>\n\n\n\n<h3 class=\"wp-block-heading\">Pr\u00f3ximos passos<\/h3>\n\n\n\n<p>O projeto ainda ser\u00e1 analisado em car\u00e1ter conclusivo pelas comiss\u00f5es de Sa\u00fade; e de Constitui\u00e7\u00e3o e Justi\u00e7a e de Cidadania. Para virar lei, a medida precisa ser aprovada pelos deputados e pelos senadores.<\/p>\n\n\n\n<p class=\"has-small-font-size\"><em>Com informa\u00e7\u00f5es da Ag\u00eancia C\u00e2mara de Not\u00edcias<\/em><\/p>\n\n\n\n<p class=\"has-small-font-size\">Fonte: <a href=\"https:\/\/medicinasa.com.br\/plano-pai-parto\/\" target=\"_blank\" rel=\"noreferrer noopener\">Medicina S\/A<\/a><\/p>\n\n\n\n<div style=\"height:25px\" aria-hidden=\"true\" class=\"wp-block-spacer\"><\/div>\n","protected":false},"excerpt":{"rendered":"<p>\u2022 Cr\u00e9dito da Foto: Amina Filkins \/ Pexels A Comiss\u00e3o de Defesa dos Direitos da Mulher da\u00a0C\u00e2mara dos Deputados\u00a0aprovou o&hellip;<\/p>\n","protected":false},"author":1,"featured_media":5110,"comment_status":"closed","ping_status":"open","sticky":false,"template":"","format":"standard","meta":{"_monsterinsights_skip_tracking":false,"_monsterinsights_sitenote_active":false,"_monsterinsights_sitenote_note":"","_monsterinsights_sitenote_category":0,"footnotes":""},"categories":[22],"tags":[35],"class_list":["post-5109","post","type-post","status-publish","format-standard","has-post-thumbnail","hentry","category-noticias","tag-planos-de-saude"],"featured_image_link":"https:\/\/blog.ferascor.com.br\/wp-content\/uploads\/2025\/01\/pexels-amina-filkins-5425068_ferascor.png","_links":{"self":[{"href":"https:\/\/blog.ferascor.com.br\/index.php?rest_route=\/wp\/v2\/posts\/5109","targetHints":{"allow":["GET"]}}],"collection":[{"href":"https:\/\/blog.ferascor.com.br\/index.php?rest_route=\/wp\/v2\/posts"}],"about":[{"href":"https:\/\/blog.ferascor.com.br\/index.php?rest_route=\/wp\/v2\/types\/post"}],"author":[{"embeddable":true,"href":"https:\/\/blog.ferascor.com.br\/index.php?rest_route=\/wp\/v2\/users\/1"}],"replies":[{"embeddable":true,"href":"https:\/\/blog.ferascor.com.br\/index.php?rest_route=%2Fwp%2Fv2%2Fcomments&post=5109"}],"version-history":[{"count":1,"href":"https:\/\/blog.ferascor.com.br\/index.php?rest_route=\/wp\/v2\/posts\/5109\/revisions"}],"predecessor-version":[{"id":5111,"href":"https:\/\/blog.ferascor.com.br\/index.php?rest_route=\/wp\/v2\/posts\/5109\/revisions\/5111"}],"wp:featuredmedia":[{"embeddable":true,"href":"https:\/\/blog.ferascor.com.br\/index.php?rest_route=\/wp\/v2\/media\/5110"}],"wp:attachment":[{"href":"https:\/\/blog.ferascor.com.br\/index.php?rest_route=%2Fwp%2Fv2%2Fmedia&parent=5109"}],"wp:term":[{"taxonomy":"category","embeddable":true,"href":"https:\/\/blog.ferascor.com.br\/index.php?rest_route=%2Fwp%2Fv2%2Fcategories&post=5109"},{"taxonomy":"post_tag","embeddable":true,"href":"https:\/\/blog.ferascor.com.br\/index.php?rest_route=%2Fwp%2Fv2%2Ftags&post=5109"}],"curies":[{"name":"wp","href":"https:\/\/api.w.org\/{rel}","templated":true}]}}