{"id":5030,"date":"2025-01-06T15:25:00","date_gmt":"2025-01-06T18:25:00","guid":{"rendered":"https:\/\/blog.ferascor.com.br\/?p=5030"},"modified":"2025-01-07T16:33:46","modified_gmt":"2025-01-07T19:33:46","slug":"planos-coletivos-empresariais-puxam-crescimento-na-saude-suplementar","status":"publish","type":"post","link":"https:\/\/blog.ferascor.com.br\/?p=5030","title":{"rendered":"Planos coletivos empresariais puxam crescimento na Sa\u00fade Suplementar"},"content":{"rendered":"\n<p class=\"has-text-align-right has-small-font-size\">\u2022 Cr\u00e9dito da foto: Ron Lach \/ Pexels<\/p>\n\n\n\n<div style=\"height:10px\" aria-hidden=\"true\" class=\"wp-block-spacer\"><\/div>\n\n\n\n<p>As ades\u00f5es a planos m\u00e9dico-hospitalares seguem em ritmo de crescimento, especialmente nos \u00faltimos quatro anos. A <strong>An\u00e1lise de Acompanhamento de Benefici\u00e1rios (NAB)<\/strong>, desenvolvida pelo\u00a0<strong><a href=\"https:\/\/blog.ferascor.com.br\/tag\/iess\/\" target=\"_blank\" rel=\"noreferrer noopener\">Instituto de Estudos de Sa\u00fade Suplementar (IESS)<\/a><\/strong>, mostra que, em agosto de 2024, o n\u00famero de benefici\u00e1rios atingiu <strong>51,4 milh\u00f5es<\/strong> de v\u00ednculos no pa\u00eds. Trata-se de um novo recorde hist\u00f3rico para o setor, puxado sobretudo pelo tipo <strong>coletivo empresarial<\/strong>, que soma a maior parte dos contratos (<strong>36,7 milh\u00f5es<\/strong>).<\/p>\n\n\n\n<p>O estudo mostra que esse tipo de contrata\u00e7\u00e3o ofertada por empresas a seus colaboradores <strong>cresceu 3,4%<\/strong> apenas nos \u00faltimos 12 meses encerrados em agosto deste ano, resultando em um acr\u00e9scimo de 1,2 milh\u00e3o de v\u00ednculos. Via de regra, esses planos est\u00e3o ligados \u00e0 cria\u00e7\u00e3o de empregos formais. De acordo com o Cadastro Geral de Empregados e Desempregados (Caged), o estoque de oportunidades passou de 45,5 milh\u00f5es para 47,2 milh\u00f5es no mesmo per\u00edodo, uma alta de 3,9% com 1,8 milh\u00e3o de novos postos de trabalho.<\/p>\n\n\n\n<p>Os setores de servi\u00e7os, com\u00e9rcio e ind\u00fastria s\u00e3o historicamente os que mais oferecem planos de sa\u00fade aos seus colaboradores. Eles apresentaram o maior saldo de empregos entre agosto do ano passado e o mesmo m\u00eas deste ano: 1 milh\u00e3o, 340,7 mil e 280,5 mil, respectivamente, seguidos por constru\u00e7\u00e3o (147,5 mil) e agropecu\u00e1ria (11,6 mil).<\/p>\n\n\n\n<p>Para\u00a0<strong>Jos\u00e9 Cechin<\/strong>, superintendente executivo do IESS, o volume acumulado de empregos formais tem melhorado em v\u00e1rios setores, fato que justifica o aumento de ades\u00f5es a planos m\u00e9dico-hospitalares. <em>\u201cOs planos coletivos empresariais, em especial, respondem por 71% dos benefici\u00e1rios, ou seja, t\u00eam um peso muito grande, que influencia bastante no total geral de v\u00ednculos. Assim, enquanto a economia estiver reagindo com saldo positivo de empregos formais, a tend\u00eancia ser\u00e1 de crescimento para esse tipo de plano e do setor como um todo\u201d<\/em>, observou.<\/p>\n\n\n\n<div style=\"height:10px\" aria-hidden=\"true\" class=\"wp-block-spacer\"><\/div>\n\n\n\n<h3 class=\"wp-block-heading\">N\u00famero de homens com plano de sa\u00fade<\/h3>\n\n\n\n<p>As ades\u00f5es de homens a planos m\u00e9dico-hospitalares apresentaram crescimento expressivo (<strong>9,7%<\/strong>) entre 2020 e 2024 (m\u00e9dia dos tr\u00eas primeiros trimestres), passando de 22 milh\u00f5es para 24,1 milh\u00f5es, um recorde hist\u00f3rico. O n\u00famero representa 47% do volume total de v\u00ednculos no pa\u00eds.<\/p>\n\n\n\n<p>A nova marca demonstra a preocupa\u00e7\u00e3o do p\u00fablico masculino com a sa\u00fade, j\u00e1 que supera o indicador anterior, de 2014, quando havia 23,6 milh\u00f5es de benefici\u00e1rios assistidos.<\/p>\n\n\n\n<p>De modo geral, entre 2014 e 2020, o setor de sa\u00fade suplementar passou por um per\u00edodo desafiador, no qual apresentou <strong>redu\u00e7\u00e3o de 6,2%<\/strong> no n\u00famero total de contratos, refletindo os efeitos da crise econ\u00f4mica enfrentada pelo Brasil. Essa queda foi mais acentuada entre os homens (<strong>6,7%<\/strong>), em compara\u00e7\u00e3o com as mulheres (<strong>5,8%<\/strong>).<\/p>\n\n\n\n<p>Jos\u00e9 Cechin destaca que o crescimento de ades\u00f5es a planos de m\u00e9dico-hospitalares demonstra uma recupera\u00e7\u00e3o no setor de sa\u00fade suplementar ap\u00f3s um longo per\u00edodo de retra\u00e7\u00e3o. <em>\u201cMesmo diante dos desafios enfrentados com a pandemia de covid-19, o cen\u00e1rio ficou mais favor\u00e1vel a partir de 2020, especialmente nos contratos dos homens, indicando que esse p\u00fablico est\u00e1 mais preocupado, dando mais aten\u00e7\u00e3o e cuidando melhor da sa\u00fade\u201d<\/em>, explica.<\/p>\n\n\n\n<div style=\"height:10px\" aria-hidden=\"true\" class=\"wp-block-spacer\"><\/div>\n\n\n\n<h3 class=\"wp-block-heading\">Distribui\u00e7\u00e3o de benefici\u00e1rios por regi\u00e3o<\/h3>\n\n\n\n<p>Segundo a an\u00e1lise, do total de benefici\u00e1rios do sexo masculino (24,1 milh\u00f5es), levando-se em conta a m\u00e9dia dos tr\u00eas primeiros trimestres de 2024, a maior parte (59,8%) \u00e9 composta por moradores da regi\u00e3o Sudeste. S\u00e3o Paulo agrega o maior n\u00famero de v\u00ednculos (8,5 milh\u00f5es), seguido por Minas Gerais (2,8 milh\u00f5es), Rio de Janeiro (2,5 milh\u00f5es) e Esp\u00edrito Santo (651 mil).<\/p>\n\n\n\n<p>Fonte: <a href=\"https:\/\/medicinasa.com.br\/iess-edi28\/\" target=\"_blank\" rel=\"noreferrer noopener\">Medicina S\/A<\/a><\/p>\n\n\n\n<div style=\"height:25px\" aria-hidden=\"true\" class=\"wp-block-spacer\"><\/div>\n","protected":false},"excerpt":{"rendered":"<p>\u2022 Cr\u00e9dito da foto: Ron Lach \/ Pexels As ades\u00f5es a planos m\u00e9dico-hospitalares seguem em ritmo de crescimento, especialmente nos&hellip;<\/p>\n","protected":false},"author":1,"featured_media":5032,"comment_status":"closed","ping_status":"open","sticky":false,"template":"","format":"standard","meta":{"_monsterinsights_skip_tracking":false,"_monsterinsights_sitenote_active":false,"_monsterinsights_sitenote_note":"","_monsterinsights_sitenote_category":0,"footnotes":""},"categories":[22],"tags":[35],"class_list":["post-5030","post","type-post","status-publish","format-standard","has-post-thumbnail","hentry","category-noticias","tag-planos-de-saude"],"featured_image_link":"https:\/\/blog.ferascor.com.br\/wp-content\/uploads\/2025\/01\/pexels-ron-lach-9870144_ferascor.webp","_links":{"self":[{"href":"https:\/\/blog.ferascor.com.br\/index.php?rest_route=\/wp\/v2\/posts\/5030","targetHints":{"allow":["GET"]}}],"collection":[{"href":"https:\/\/blog.ferascor.com.br\/index.php?rest_route=\/wp\/v2\/posts"}],"about":[{"href":"https:\/\/blog.ferascor.com.br\/index.php?rest_route=\/wp\/v2\/types\/post"}],"author":[{"embeddable":true,"href":"https:\/\/blog.ferascor.com.br\/index.php?rest_route=\/wp\/v2\/users\/1"}],"replies":[{"embeddable":true,"href":"https:\/\/blog.ferascor.com.br\/index.php?rest_route=%2Fwp%2Fv2%2Fcomments&post=5030"}],"version-history":[{"count":2,"href":"https:\/\/blog.ferascor.com.br\/index.php?rest_route=\/wp\/v2\/posts\/5030\/revisions"}],"predecessor-version":[{"id":5033,"href":"https:\/\/blog.ferascor.com.br\/index.php?rest_route=\/wp\/v2\/posts\/5030\/revisions\/5033"}],"wp:featuredmedia":[{"embeddable":true,"href":"https:\/\/blog.ferascor.com.br\/index.php?rest_route=\/wp\/v2\/media\/5032"}],"wp:attachment":[{"href":"https:\/\/blog.ferascor.com.br\/index.php?rest_route=%2Fwp%2Fv2%2Fmedia&parent=5030"}],"wp:term":[{"taxonomy":"category","embeddable":true,"href":"https:\/\/blog.ferascor.com.br\/index.php?rest_route=%2Fwp%2Fv2%2Fcategories&post=5030"},{"taxonomy":"post_tag","embeddable":true,"href":"https:\/\/blog.ferascor.com.br\/index.php?rest_route=%2Fwp%2Fv2%2Ftags&post=5030"}],"curies":[{"name":"wp","href":"https:\/\/api.w.org\/{rel}","templated":true}]}}