{"id":3647,"date":"2024-08-07T11:31:35","date_gmt":"2024-08-07T14:31:35","guid":{"rendered":"https:\/\/blog.ferascor.com.br\/?p=3647"},"modified":"2024-08-13T11:04:55","modified_gmt":"2024-08-13T14:04:55","slug":"amil-volta-a-ser-re-em-processo-por-erro-medico-no-rio-de-janeiro","status":"publish","type":"post","link":"https:\/\/blog.ferascor.com.br\/?p=3647","title":{"rendered":"Amil volta a ser r\u00e9 em processo por erro m\u00e9dico no Rio de Janeiro"},"content":{"rendered":"\n<div style=\"height:15px\" aria-hidden=\"true\" class=\"wp-block-spacer\"><\/div>\n\n\n\n<p>A <strong>Justi\u00e7a do Rio de Janeiro<\/strong> determinou nos \u00faltimos dias que a <a href=\"https:\/\/blog.ferascor.com.br\/tag\/amil\/\" target=\"_blank\" rel=\"noreferrer noopener\"><strong>Amil<\/strong><\/a> volte a ser r\u00e9 em um processo que trata sobre um <strong>suposto erro m\u00e9dico<\/strong> em um hospital carioca.<\/p>\n\n\n\n<p>Em junho de 2022, a operadora de planos de sa\u00fade e o <strong>Hospital Pasteur<\/strong>, na Zona Oeste do Rio, foram processados por um homem que teve a perna amputada depois de uma infec\u00e7\u00e3o provocada por um ferimento com um caco de vidro.<\/p>\n\n\n\n<p>O caso foi aberto na 4\u00aa Vara C\u00edvel da Regional de Jacarepagu\u00e1 e seguiu tramitando mesmo depois da morte dele, agora conduzido por seus familiares.<\/p>\n\n\n\n<p>Quando se feriu, o paciente, que era diab\u00e9tico, obeso e hipertenso, procurou atendimento por meio da Amil e teve diagnosticada ruptura parcial do tend\u00e3o de Aquiles. Como a ferida n\u00e3o cicatrizava, ele buscou o Espa\u00e7o M\u00e9dico da Amil em Campo Grande, Zona Oeste carioca, mas n\u00e3o teve o problema resolvido.<\/p>\n\n\n\n<p>Em seguida, no Pasteur, um primeiro atendimento tamb\u00e9m n\u00e3o foi satisfat\u00f3rio e, quando retornou ao hospital, a amputa\u00e7\u00e3o foi indicada como \u00fanico recurso dispon\u00edvel para salvar sua vida.<\/p>\n\n\n\n<p>Em novembro de 2023, a ju\u00edza Juliana Leal Melo, da 4\u00aa Vara C\u00edvel de Jacarepagu\u00e1, decidiu que a Amil deveria ser retirada do banco dos r\u00e9us no processo. Isso porque, na sua avalia\u00e7\u00e3o, n\u00e3o caberia \u00e0 operadora \u201cpraticar qualquer conduta humana\u201d, mas apenas autorizar os procedimentos m\u00e9dicos indicados pelo hospital e solicitados pelo usu\u00e1rio do plano.<\/p>\n\n\n\n<p>Ao analisarem um recurso movido pela fam\u00edlia do paciente, no entanto, os desembargadores da 19\u00aa C\u00e2mara de Direito Privado do Tribunal de Justi\u00e7a do Rio de Janeiro determinaram a volta da Amil \u00e0 condi\u00e7\u00e3o de r\u00e9.<\/p>\n\n\n\n<p><strong>Os magistrados decidiram por unanimidade que, em caso de erro m\u00e9dico, h\u00e1 \u201csolidariedade\u201d entre a operadora de plano de sa\u00fade e o profissional credenciado.<\/strong><\/p>\n\n\n\n<p>Na a\u00e7\u00e3o, o paciente pedia que a Amil e o hospital fossem condenados ao pagamento de um sal\u00e1rio-m\u00ednimo por m\u00eas durante 10 anos e R$ 50 mil por danos est\u00e9ticos, al\u00e9m de mais R$ 50 mil para ele, R$ 20 mil \u00e0 esposa e R$ 20 mil para a filha, por danos morais.<\/p>\n\n\n\n<p><strong>Procurada, a Amil informou que n\u00e3o comenta processos judiciais em curso.<\/strong><\/p>\n\n\n\n<p class=\"has-small-font-size\">Fonte: <a href=\"https:\/\/www.metropoles.com\/colunas\/guilherme-amado\/amil-volta-a-ser-re-em-processo-por-erro-medico-no-rio-de-janeiro\" target=\"_blank\" rel=\"noreferrer noopener\">Metr\u00f3poles<\/a><\/p>\n\n\n\n<div style=\"height:25px\" aria-hidden=\"true\" class=\"wp-block-spacer\"><\/div>\n","protected":false},"excerpt":{"rendered":"<p>A Justi\u00e7a do Rio de Janeiro determinou nos \u00faltimos dias que a Amil volte a ser r\u00e9 em um processo&hellip;<\/p>\n","protected":false},"author":1,"featured_media":3649,"comment_status":"closed","ping_status":"open","sticky":false,"template":"","format":"standard","meta":{"_monsterinsights_skip_tracking":false,"_monsterinsights_sitenote_active":false,"_monsterinsights_sitenote_note":"","_monsterinsights_sitenote_category":0,"footnotes":""},"categories":[22],"tags":[49,35],"class_list":["post-3647","post","type-post","status-publish","format-standard","has-post-thumbnail","hentry","category-noticias","tag-amil","tag-planos-de-saude"],"featured_image_link":"https:\/\/blog.ferascor.com.br\/wp-content\/uploads\/2024\/08\/amil-01_ferascor.webp","_links":{"self":[{"href":"https:\/\/blog.ferascor.com.br\/index.php?rest_route=\/wp\/v2\/posts\/3647","targetHints":{"allow":["GET"]}}],"collection":[{"href":"https:\/\/blog.ferascor.com.br\/index.php?rest_route=\/wp\/v2\/posts"}],"about":[{"href":"https:\/\/blog.ferascor.com.br\/index.php?rest_route=\/wp\/v2\/types\/post"}],"author":[{"embeddable":true,"href":"https:\/\/blog.ferascor.com.br\/index.php?rest_route=\/wp\/v2\/users\/1"}],"replies":[{"embeddable":true,"href":"https:\/\/blog.ferascor.com.br\/index.php?rest_route=%2Fwp%2Fv2%2Fcomments&post=3647"}],"version-history":[{"count":1,"href":"https:\/\/blog.ferascor.com.br\/index.php?rest_route=\/wp\/v2\/posts\/3647\/revisions"}],"predecessor-version":[{"id":3650,"href":"https:\/\/blog.ferascor.com.br\/index.php?rest_route=\/wp\/v2\/posts\/3647\/revisions\/3650"}],"wp:featuredmedia":[{"embeddable":true,"href":"https:\/\/blog.ferascor.com.br\/index.php?rest_route=\/wp\/v2\/media\/3649"}],"wp:attachment":[{"href":"https:\/\/blog.ferascor.com.br\/index.php?rest_route=%2Fwp%2Fv2%2Fmedia&parent=3647"}],"wp:term":[{"taxonomy":"category","embeddable":true,"href":"https:\/\/blog.ferascor.com.br\/index.php?rest_route=%2Fwp%2Fv2%2Fcategories&post=3647"},{"taxonomy":"post_tag","embeddable":true,"href":"https:\/\/blog.ferascor.com.br\/index.php?rest_route=%2Fwp%2Fv2%2Ftags&post=3647"}],"curies":[{"name":"wp","href":"https:\/\/api.w.org\/{rel}","templated":true}]}}