{"id":3644,"date":"2024-08-07T11:21:36","date_gmt":"2024-08-07T14:21:36","guid":{"rendered":"https:\/\/blog.ferascor.com.br\/?p=3644"},"modified":"2024-08-12T11:32:50","modified_gmt":"2024-08-12T14:32:50","slug":"rede-dor-inaugura-primeira-uti-pulmonar-privada-em-sao-paulo","status":"publish","type":"post","link":"https:\/\/blog.ferascor.com.br\/?p=3644","title":{"rendered":"Rede D\u2019Or inaugura primeira UTI Pulmonar privada em S\u00e3o Paulo"},"content":{"rendered":"\n<div style=\"height:15px\" aria-hidden=\"true\" class=\"wp-block-spacer\"><\/div>\n\n\n\n<p>A <a href=\"https:\/\/blog.ferascor.com.br\/tag\/rede-dor\/\" target=\"_blank\" rel=\"noreferrer noopener\"><strong>Rede D&#8217;Or<\/strong><\/a> inaugurou a <strong>primeira Unidade de Terapia Intensiva (UTI) Pulmonar privada<\/strong> do Estado de <strong>S\u00e3o Paulo<\/strong>, localizada no <strong>Hospital S\u00e3o Luiz Jabaquara<\/strong>, na zona Sul da capital. Esta unidade, dedicada exclusivamente a pacientes com doen\u00e7as respirat\u00f3rias complexas, inicia suas opera\u00e7\u00f5es com oito leitos, posicionando-se como refer\u00eancia para casos graves e de alta complexidade em toda a rede.\u00a0<\/p>\n\n\n\n<p><strong>Andr\u00e9 Albuquerque<\/strong>, Coordenador de Pneumologia da Rede D\u2019Or SP e um dos respons\u00e1veis pelo projeto, explica:<\/p>\n\n\n\n<blockquote class=\"wp-block-quote is-layout-flow wp-block-quote-is-layout-flow\">\n<p><em>&#8220;A UTI Pulmonar \u00e9 voltada para casos de alta complexidade, como enfisema grave, doen\u00e7a pulmonar fibrosante, hipertens\u00e3o pulmonar ou pneumonias severas que resultem em insufici\u00eancia respirat\u00f3ria.&#8221;<\/em>.<\/p>\n<\/blockquote>\n\n\n\n<p>Al\u00e9m de pacientes com condi\u00e7\u00f5es respirat\u00f3rias complexas, a unidade est\u00e1 equipada para <strong>cuidados p\u00f3s-operat\u00f3rios complexos<\/strong>, incluindo cirurgias de alto risco para tumores pulmonares e cirurgia rob\u00f3tica para tratamento de enfisema. A UTI tamb\u00e9m conta com <strong>tecnologias avan\u00e7adas<\/strong>, como a ECMO (oxigena\u00e7\u00e3o por membrana extracorp\u00f3rea), essencial para pacientes com comprometimento pulmonar severo. Este equipamento, que ganhou destaque durante a pandemia de COVID-19, funciona como um pulm\u00e3o artificial para pacientes com fal\u00eancia respirat\u00f3ria.<\/p>\n\n\n\n<div style=\"height:10px\" aria-hidden=\"true\" class=\"wp-block-spacer\"><\/div>\n\n\n\n<h3 class=\"wp-block-heading\">Equipe multiprofissional especializada&nbsp;<\/h3>\n\n\n\n<p><strong>Eduardo Borges<\/strong>, Coordenador do servi\u00e7o, fala sobre um dos diferenciais da nova UTI, que \u00e9 sua equipe multiprofissional especializada:<\/p>\n\n\n\n<blockquote class=\"wp-block-quote is-layout-flow wp-block-quote-is-layout-flow\">\n<p><em>&#8220;Nosso objetivo \u00e9 oferecer o melhor tratamento aos pacientes com doen\u00e7as respirat\u00f3rias graves, com uma estrutura de ponta e uma equipe assistencial diferenciada, composta pelos melhores especialistas, incluindo m\u00e9dicos, fisioterapeutas e enfermeiros capacitados e treinados.&#8221;<\/em><\/p>\n<\/blockquote>\n\n\n\n<div style=\"height:10px\" aria-hidden=\"true\" class=\"wp-block-spacer\"><\/div>\n\n\n\n<h3 class=\"wp-block-heading\">Programa de medicina de alta complexidade<\/h3>\n\n\n\n<p>A inaugura\u00e7\u00e3o da UTI Pulmonar no Hospital S\u00e3o Luiz Jabaquara faz parte de um programa mais amplo da Rede D&#8217;Or, que \u00e9 o maior grupo privado de sa\u00fade do Brasil. Este programa foca na <strong>medicina de alta complexidade<\/strong>, incluindo transplantes pulmonares. Recentemente, o <strong>Dr. Tiago Machuca<\/strong>, renomado especialista brasileiro anteriormente atuando nos Estados Unidos, juntou-se \u00e0 equipe da Rede D&#8217;Or para coordenar o programa de medicina respirat\u00f3ria de alta complexidade e transplante de pulm\u00e3o no Brasil.&nbsp;<\/p>\n\n\n\n<p><em>&#8220;Acreditamos que essa UTI respirat\u00f3ria seja um passo fundamental para que nosso programa de alta complexidade traga resultados significativos e se torne uma refer\u00eancia nacional&#8221;<\/em>, conclui Dr. Albuquerque.\u00a0<\/p>\n\n\n\n<p class=\"has-small-font-size\">Fonte: <a href=\"https:\/\/www.saudebusiness.com\/hospitais\/rede-dor-inaugura-primeira-uti-pulmonar-privada-em-sao-paulo\" target=\"_blank\" rel=\"noreferrer noopener\">Sa\u00fade Business<\/a><\/p>\n\n\n\n<div style=\"height:25px\" aria-hidden=\"true\" class=\"wp-block-spacer\"><\/div>\n","protected":false},"excerpt":{"rendered":"<p>A Rede D&#8217;Or inaugurou a primeira Unidade de Terapia Intensiva (UTI) Pulmonar privada do Estado de S\u00e3o Paulo, localizada no&hellip;<\/p>\n","protected":false},"author":1,"featured_media":3645,"comment_status":"closed","ping_status":"open","sticky":false,"template":"","format":"standard","meta":{"_monsterinsights_skip_tracking":false,"_monsterinsights_sitenote_active":false,"_monsterinsights_sitenote_note":"","_monsterinsights_sitenote_category":0,"footnotes":""},"categories":[22],"tags":[47,135],"class_list":["post-3644","post","type-post","status-publish","format-standard","has-post-thumbnail","hentry","category-noticias","tag-dor-consultoria","tag-rede-dor"],"featured_image_link":"https:\/\/blog.ferascor.com.br\/wp-content\/uploads\/2024\/08\/uti-privada_ferascor.webp","_links":{"self":[{"href":"https:\/\/blog.ferascor.com.br\/index.php?rest_route=\/wp\/v2\/posts\/3644","targetHints":{"allow":["GET"]}}],"collection":[{"href":"https:\/\/blog.ferascor.com.br\/index.php?rest_route=\/wp\/v2\/posts"}],"about":[{"href":"https:\/\/blog.ferascor.com.br\/index.php?rest_route=\/wp\/v2\/types\/post"}],"author":[{"embeddable":true,"href":"https:\/\/blog.ferascor.com.br\/index.php?rest_route=\/wp\/v2\/users\/1"}],"replies":[{"embeddable":true,"href":"https:\/\/blog.ferascor.com.br\/index.php?rest_route=%2Fwp%2Fv2%2Fcomments&post=3644"}],"version-history":[{"count":1,"href":"https:\/\/blog.ferascor.com.br\/index.php?rest_route=\/wp\/v2\/posts\/3644\/revisions"}],"predecessor-version":[{"id":3646,"href":"https:\/\/blog.ferascor.com.br\/index.php?rest_route=\/wp\/v2\/posts\/3644\/revisions\/3646"}],"wp:featuredmedia":[{"embeddable":true,"href":"https:\/\/blog.ferascor.com.br\/index.php?rest_route=\/wp\/v2\/media\/3645"}],"wp:attachment":[{"href":"https:\/\/blog.ferascor.com.br\/index.php?rest_route=%2Fwp%2Fv2%2Fmedia&parent=3644"}],"wp:term":[{"taxonomy":"category","embeddable":true,"href":"https:\/\/blog.ferascor.com.br\/index.php?rest_route=%2Fwp%2Fv2%2Fcategories&post=3644"},{"taxonomy":"post_tag","embeddable":true,"href":"https:\/\/blog.ferascor.com.br\/index.php?rest_route=%2Fwp%2Fv2%2Ftags&post=3644"}],"curies":[{"name":"wp","href":"https:\/\/api.w.org\/{rel}","templated":true}]}}